{"id":85253,"date":"2026-02-04T10:55:03","date_gmt":"2026-02-04T07:55:03","guid":{"rendered":"https:\/\/www.egemtv.com\/?p=85253"},"modified":"2026-02-04T10:55:03","modified_gmt":"2026-02-04T07:55:03","slug":"izmirden-hataya-dayanisma-koprusu","status":"publish","type":"post","link":"https:\/\/www.egemtv.com\/?p=85253","title":{"rendered":"\u0130zmir\u2019den Hatay\u2019a dayan\u0131\u015fma k\u00f6pr\u00fcs\u00fc"},"content":{"rendered":"<p>\u0130zmir B\u00fcy\u00fck\u015fehir Belediyesi, 6 \u015eubat depremlerinin \u00fc\u00e7\u00fcnc\u00fc y\u0131l\u0131nda Hatay\u2019\u0131 yaln\u0131z b\u0131rakmad\u0131. B\u00f6lge halk\u0131n\u0131n e\u011fitim, sa\u011fl\u0131k ve sosyal alanlardaki ihtiya\u00e7lar\u0131n\u0131 kar\u015f\u0131lamay\u0131 ama\u00e7layan yard\u0131mlar, afet b\u00f6lgesine ula\u015ft\u0131r\u0131lmak \u00fczere \u0130zmir\u2019den yola \u00e7\u0131kt\u0131.<br \/>\n<br \/>6 \u015eubat 2023\u2019te ya\u015fanan ve 11 ili etkileyen depremlerin ard\u0131ndan b\u00f6lgeye destek sa\u011flayan \u0130zmir B\u00fcy\u00fck\u015fehir Belediyesi, depremin \u00fc\u00e7\u00fcnc\u00fc y\u0131l d\u00f6n\u00fcm\u00fcnde yine depremzedelere hem yard\u0131m hem umutla yard\u0131mla\u015fma ruhu ta\u015f\u0131yor.<br \/>\n<br \/>&#8220;Unutmad\u0131k Yaln\u0131z B\u0131rakm\u0131yoruz\u2019 mesaj\u0131n\u0131 Hatay halk\u0131na iletmek \u00fczere harekete ge\u00e7ilirken, ayni destek malzemeleri bir t\u0131r, iki kamyon ve iki panelvan araca y\u00fcklenerek Fuar \u0130zmir\u2019den yola \u00e7\u0131kt\u0131. E\u011fitim, sa\u011fl\u0131k ve sosyal alanlardaki ihtiya\u00e7lar\u0131 kar\u015f\u0131lamay\u0131 ama\u00e7layan yard\u0131mlar afet b\u00f6lgesine ula\u015ft\u0131r\u0131lacak.<\/p>\n<p>Ba\u015fkan Tugay da Hatayl\u0131lar\u0131 yaln\u0131z b\u0131rakmayacak<br \/>\n<br \/>\u0130zmir B\u00fcy\u00fck\u015fehir Belediye Ba\u015fkan\u0131 Dr. Cemil Tugay da b\u00f6lgeye gidecek. B\u00fcy\u00fck\u015fehir Belediye Ba\u015fkan\u0131 Tugay ziyaret kapsam\u0131nda anma programlar\u0131na kat\u0131lacak, b\u00f6lgedeki belediyeleri ve depremde ailelerini kaybeden yurtta\u015flar\u0131 ziyaret edecek.<\/p>\n<p>&#8220;Yard\u0131m zinciri olu\u015fturduk, dayan\u0131\u015fmay\u0131 b\u00fcy\u00fct\u00fcyoruz&#8221;<br \/>\n<br \/>\u0130zmir B\u00fcy\u00fck\u015fehir Belediyesi Sosyal Hizmetler Dairesi Ba\u015fkan\u0131 Ela H\u0131zl\u0131, 6 \u015eubat depreminin b\u00fcy\u00fck kay\u0131plara yol a\u00e7t\u0131\u011f\u0131n\u0131 hat\u0131rlatarak, b\u00f6lgede h\u00e2len s\u00fcren ihtiya\u00e7lara dikkat \u00e7ekti. H\u0131zl\u0131, belediyeler, sivil toplum kurulu\u015flar\u0131 ve sa\u011fl\u0131k birimlerinden gelen talepler do\u011frultusunda Hatay ile \u0130zmir aras\u0131nda bir yard\u0131m zinciri kurduklar\u0131n\u0131 belirterek, dayan\u0131\u015fmay\u0131 b\u00fcy\u00fctmeye devam edeceklerini s\u00f6yledi.<\/p>\n<p>&#8220;Biz var\u0131z, yan\u0131n\u0131zday\u0131z&#8221;<br \/>\n<br \/>\u0130zmir B\u00fcy\u00fck\u015fehir Belediyesi Sosyal Hizmetler Dairesi Ba\u015fkanl\u0131\u011f\u0131\u2019nda g\u00f6revli psikolog Eylem Ya\u015far, dayan\u0131\u015fmay\u0131 somut ad\u0131mlarla s\u00fcrd\u00fcrd\u00fcklerini belirterek, giysi, hijyen ve g\u0131da kolilerinin yan\u0131 s\u0131ra tekerlekli sandalye ve hasta yataklar\u0131n\u0131n da depremzedelere ula\u015ft\u0131r\u0131lmas\u0131 i\u00e7in \u00e7al\u0131\u015ft\u0131klar\u0131n\u0131 s\u00f6yledi. Ya\u015far, Ba\u015fkan Dr. Cemil Tugay\u2019\u0131n yak\u0131ndan takip etti\u011fi s\u00fcre\u00e7te \u0130zmir B\u00fcy\u00fck\u015fehir Belediyesi\u2019nin her zaman depremzede vatanda\u015flar\u0131n yan\u0131nda oldu\u011funu vurgulad\u0131.<\/p>\n<p>Her ihtiya\u00e7 d\u00fc\u015f\u00fcn\u00fcld\u00fc<br \/>\n<br \/>Sa\u011fl\u0131k alan\u0131nda tespit edilen gereksinimler do\u011frultusunda haz\u0131rlanan yard\u0131m malzemeleri koliler h\u00e2linde ara\u00e7lara y\u00fcklendi. \u00c7e\u015fitli t\u0131bbi ekipmanlar\u0131n yan\u0131 s\u0131ra \u00e7ocuklar\u0131n k\u0131\u015f ko\u015fullar\u0131nda daha g\u00fcvenli ve sa\u011fl\u0131kl\u0131 e\u011fitim alabilmesi i\u00e7in gerekli destekler de yard\u0131mlara d\u00e2hil edildi. Yard\u0131m zinciri kapsam\u0131nda b\u00f6lgeye; bot, mont, k\u0131rtasiye seti, temizlik ve hijyen malzemeleri, giyecek, masa ve sandalye gibi donat\u0131m \u00fcr\u00fcnlerinin yan\u0131 s\u0131ra muayene sedyesi, tekerlekli sandalye, hasta yata\u011f\u0131, t\u0131bbi \u00f6l\u00e7\u00fcm cihazlar\u0131, ila\u00e7 ve sa\u011fl\u0131k ekipmanlar\u0131 g\u00f6nderildi.<\/p>\n<p>Teslimat noktalar\u0131na sevkiyat<br \/>\n<br \/>\u0130zmir\u2019den yola \u00e7\u0131kan yard\u0131mlar; Samanda\u011f Tekeba\u015f\u0131 \u0130lk\u00f6\u011fretim Okulu,  Dursunlu Gazi \u0130lkokulu ve Ortaokulu, Orhani \u0130lkokulu, Tavla \u0130lkokulu, Samanda\u011f \u00dcniversitesi-Kitap Kafe, Samanda\u011f 1, 2 ve 5 No\u2019lu Aile Sa\u011fl\u0131\u011f\u0131 Merkezi (ASM), Defne Belediyesi-Ana \u00c7ocuk Oyun Merkezi, D\u00f6rtyol Belediyesi-Sosyal Destek, Samanda\u011f Belediyesi, Erzin Belediyesi, Arsuz Belediyesi, Hatay Tabipler Odas\u0131 ve Epilepsi Direnen \u00c7ocuklar Derne\u011fi\u2019ne teslim edilecek.<br \/><\/p>\n","protected":false},"excerpt":{"rendered":"<p>\u0130zmir B\u00fcy\u00fck\u015fehir Belediyesi, 6 \u015eubat depremlerinin \u00fc\u00e7\u00fcnc\u00fc y\u0131l\u0131nda Hatay\u2019\u0131 yaln\u0131z b\u0131rakmad\u0131. B\u00f6lge halk\u0131n\u0131n e\u011fitim, sa\u011fl\u0131k ve sosyal alanlardaki ihtiya\u00e7lar\u0131n\u0131 kar\u015f\u0131lamay\u0131 ama\u00e7layan yard\u0131mlar, afet b\u00f6lgesine ula\u015ft\u0131r\u0131lmak \u00fczere \u0130zmir\u2019den yola \u00e7\u0131kt\u0131. 6 \u015eubat 2023\u2019te ya\u015fanan ve 11 ili etkileyen depremlerin ard\u0131ndan b\u00f6lgeye destek sa\u011flayan \u0130zmir B\u00fcy\u00fck\u015fehir Belediyesi, depremin \u00fc\u00e7\u00fcnc\u00fc y\u0131l d\u00f6n\u00fcm\u00fcnde yine depremzedelere hem yard\u0131m hem umutla&#8230;<\/p>\n","protected":false},"author":1,"featured_media":85254,"comment_status":"open","ping_status":"open","sticky":false,"template":"","format":"standard","meta":{"_crdt_document":"","footnotes":""},"categories":[1],"tags":[],"class_list":["post-85253","post","type-post","status-publish","format-standard","has-post-thumbnail","hentry","category-guncel"],"_links":{"self":[{"href":"https:\/\/www.egemtv.com\/index.php?rest_route=\/wp\/v2\/posts\/85253","targetHints":{"allow":["GET"]}}],"collection":[{"href":"https:\/\/www.egemtv.com\/index.php?rest_route=\/wp\/v2\/posts"}],"about":[{"href":"https:\/\/www.egemtv.com\/index.php?rest_route=\/wp\/v2\/types\/post"}],"author":[{"embeddable":true,"href":"https:\/\/www.egemtv.com\/index.php?rest_route=\/wp\/v2\/users\/1"}],"replies":[{"embeddable":true,"href":"https:\/\/www.egemtv.com\/index.php?rest_route=%2Fwp%2Fv2%2Fcomments&post=85253"}],"version-history":[{"count":1,"href":"https:\/\/www.egemtv.com\/index.php?rest_route=\/wp\/v2\/posts\/85253\/revisions"}],"predecessor-version":[{"id":85255,"href":"https:\/\/www.egemtv.com\/index.php?rest_route=\/wp\/v2\/posts\/85253\/revisions\/85255"}],"wp:featuredmedia":[{"embeddable":true,"href":"https:\/\/www.egemtv.com\/index.php?rest_route=\/wp\/v2\/media\/85254"}],"wp:attachment":[{"href":"https:\/\/www.egemtv.com\/index.php?rest_route=%2Fwp%2Fv2%2Fmedia&parent=85253"}],"wp:term":[{"taxonomy":"category","embeddable":true,"href":"https:\/\/www.egemtv.com\/index.php?rest_route=%2Fwp%2Fv2%2Fcategories&post=85253"},{"taxonomy":"post_tag","embeddable":true,"href":"https:\/\/www.egemtv.com\/index.php?rest_route=%2Fwp%2Fv2%2Ftags&post=85253"}],"curies":[{"name":"wp","href":"https:\/\/api.w.org\/{rel}","templated":true}]}}