{"id":85250,"date":"2026-02-04T10:34:53","date_gmt":"2026-02-04T07:34:53","guid":{"rendered":"https:\/\/www.egemtv.com\/?p=85250"},"modified":"2026-02-04T10:34:54","modified_gmt":"2026-02-04T07:34:54","slug":"muftulugun-kandil-programlari-devam-ediyor","status":"publish","type":"post","link":"https:\/\/www.egemtv.com\/?p=85250","title":{"rendered":"M\u00fcft\u00fcl\u00fc\u011f\u00fcn kandil programlar\u0131 devam ediyor"},"content":{"rendered":"<p>Afyonkarahisar \u0130l M\u00fcft\u00fcl\u00fc\u011f\u00fc Aile ve Dini Rehberlik Merkezi (ADRM) taraf\u0131ndan kent genelinde kandil programlar\u0131 ger\u00e7ekle\u015ftirildi.<br \/>\n<br \/>Berat Kandili\u2019nin manevi iklimini vatanda\u015flarla bulu\u015fturmak amac\u0131yla d\u00fczenlenen programlar camiler ve Kur\u2019an kurslar\u0131nda vaaz, sohbet ve dualarla icra edildi. Programlarda uzman vaizler, ADRM vaizleri ve din hizmetleri uzman\u0131 taraf\u0131ndan Berat Kandili\u2019nin fazileti, affedicili\u011fi, t\u00f6vbe konular\u0131 ele al\u0131nd\u0131.<br \/>\n<br \/>Mevlevi Camii, \u0130stikl\u00e2l Camii, Deper Sultan Camii ile \u00d6rnek Evler Melek Han\u0131m, Bayraktepe, Sahipata, Hac\u0131 Ahmet Katar ve Hamide S\u0131tk\u0131 G\u00f6nen Kur\u2019an kurslar\u0131nda ger\u00e7ekle\u015ftirilen programlara vatanda\u015flar yo\u011fun ilgi g\u00f6sterdi. Ayr\u0131ca Aile ve Dini Rehberlik Merkezi\u2019nde yap\u0131lan programda kat\u0131l\u0131mc\u0131larla hasbihal edilerek dualar edildi.<br \/><\/p>\n","protected":false},"excerpt":{"rendered":"<p>Afyonkarahisar \u0130l M\u00fcft\u00fcl\u00fc\u011f\u00fc Aile ve Dini Rehberlik Merkezi (ADRM) taraf\u0131ndan kent genelinde kandil programlar\u0131 ger\u00e7ekle\u015ftirildi. Berat Kandili\u2019nin manevi iklimini vatanda\u015flarla bulu\u015fturmak amac\u0131yla d\u00fczenlenen programlar camiler ve Kur\u2019an kurslar\u0131nda vaaz, sohbet ve dualarla icra edildi. Programlarda uzman vaizler, ADRM vaizleri ve din hizmetleri uzman\u0131 taraf\u0131ndan Berat Kandili\u2019nin fazileti, affedicili\u011fi, t\u00f6vbe konular\u0131 ele al\u0131nd\u0131. Mevlevi Camii, \u0130stikl\u00e2l&#8230;<\/p>\n","protected":false},"author":1,"featured_media":85251,"comment_status":"open","ping_status":"open","sticky":false,"template":"","format":"standard","meta":{"_crdt_document":"","footnotes":""},"categories":[1],"tags":[],"class_list":["post-85250","post","type-post","status-publish","format-standard","has-post-thumbnail","hentry","category-guncel"],"_links":{"self":[{"href":"https:\/\/www.egemtv.com\/index.php?rest_route=\/wp\/v2\/posts\/85250","targetHints":{"allow":["GET"]}}],"collection":[{"href":"https:\/\/www.egemtv.com\/index.php?rest_route=\/wp\/v2\/posts"}],"about":[{"href":"https:\/\/www.egemtv.com\/index.php?rest_route=\/wp\/v2\/types\/post"}],"author":[{"embeddable":true,"href":"https:\/\/www.egemtv.com\/index.php?rest_route=\/wp\/v2\/users\/1"}],"replies":[{"embeddable":true,"href":"https:\/\/www.egemtv.com\/index.php?rest_route=%2Fwp%2Fv2%2Fcomments&post=85250"}],"version-history":[{"count":1,"href":"https:\/\/www.egemtv.com\/index.php?rest_route=\/wp\/v2\/posts\/85250\/revisions"}],"predecessor-version":[{"id":85252,"href":"https:\/\/www.egemtv.com\/index.php?rest_route=\/wp\/v2\/posts\/85250\/revisions\/85252"}],"wp:featuredmedia":[{"embeddable":true,"href":"https:\/\/www.egemtv.com\/index.php?rest_route=\/wp\/v2\/media\/85251"}],"wp:attachment":[{"href":"https:\/\/www.egemtv.com\/index.php?rest_route=%2Fwp%2Fv2%2Fmedia&parent=85250"}],"wp:term":[{"taxonomy":"category","embeddable":true,"href":"https:\/\/www.egemtv.com\/index.php?rest_route=%2Fwp%2Fv2%2Fcategories&post=85250"},{"taxonomy":"post_tag","embeddable":true,"href":"https:\/\/www.egemtv.com\/index.php?rest_route=%2Fwp%2Fv2%2Ftags&post=85250"}],"curies":[{"name":"wp","href":"https:\/\/api.w.org\/{rel}","templated":true}]}}