{"id":85247,"date":"2026-02-04T10:34:52","date_gmt":"2026-02-04T07:34:52","guid":{"rendered":"https:\/\/www.egemtv.com\/?p=85247"},"modified":"2026-02-04T10:34:53","modified_gmt":"2026-02-04T07:34:53","slug":"muglada-gelecegin-temeli-aile-vurgusu","status":"publish","type":"post","link":"https:\/\/www.egemtv.com\/?p=85247","title":{"rendered":"Mu\u011fla\u2019da &#8220;Gelece\u011fin Temeli Aile&#8221; vurgusu"},"content":{"rendered":"<p>Mu\u011fla Aile Platformu taraf\u0131ndan d\u00fczenlenen &#8220;T\u00fcrkiye Y\u00fczy\u0131l\u0131nda \u0130nsan, Aile ve Toplum&#8221; panelinde g\u00fc\u00e7l\u00fc bir toplumun in\u015fas\u0131nda aile yap\u0131s\u0131n\u0131n korunmas\u0131n\u0131n stratejik \u00f6nemi \u00fczerinde duruldu.<\/p>\n<p>Mu\u011fla\u2019da sivil toplum ve b\u00fcrokrasiyi bir araya getiren panel, alan\u0131nda uzman akademisyenlerin sunumlar\u0131yla ger\u00e7ekle\u015ftirildi. \u0130nsan, aile ve toplum \u00fc\u00e7genindeki de\u011fi\u015fimlerin ve modern \u00e7a\u011f\u0131n getirdi\u011fi yeni dinamiklerin ele al\u0131nd\u0131\u011f\u0131 oturumlarda, toplumsal yap\u0131n\u0131n temel ta\u015f\u0131 olan aile kurumu masaya yat\u0131r\u0131ld\u0131.<\/p>\n<p>Panelin odak noktas\u0131n\u0131, T\u00fcrkiye Y\u00fczy\u0131l\u0131 vizyonu \u00e7er\u00e7evesinde &#8220;G\u00fc\u00e7l\u00fc Aile, G\u00fc\u00e7l\u00fc Toplum&#8221; hedefi olu\u015fturdu. Kat\u0131l\u0131mc\u0131lar, de\u011fi\u015fen d\u00fcnya d\u00fczeninde de\u011ferlerin korunmas\u0131 ve nesiller aras\u0131 ba\u011f\u0131n g\u00fc\u00e7lendirilmesi i\u00e7in at\u0131lmas\u0131 gereken ad\u0131mlar\u0131 de\u011ferlendirdi.<\/p>\n<p>Programa kat\u0131lan Mu\u011fla \u0130l Mill\u00ee E\u011fitim M\u00fcd\u00fcr\u00fc Emre \u00c7ay, e\u011fitimin ailede ba\u015flad\u0131\u011f\u0131na dikkat \u00e7ekerek toplumsal de\u011ferlerin gelecek ku\u015faklara aktar\u0131lmas\u0131nda bu t\u00fcr platformlar\u0131n ve akademik bulu\u015fmalar\u0131n \u00f6nemini vurgulad\u0131.<\/p>\n<p>Panel sonunda, Mu\u011fla Aile Platformu yetkilileri kat\u0131l\u0131mc\u0131lara ve konu\u015fmac\u0131lara katk\u0131lar\u0131ndan dolay\u0131 te\u015fekk\u00fcr ederek, toplumsal fark\u0131ndal\u0131k \u00e7al\u0131\u015fmalar\u0131n\u0131n devam edece\u011fi mesaj\u0131n\u0131 verdi.<br \/><\/p>\n","protected":false},"excerpt":{"rendered":"<p>Mu\u011fla Aile Platformu taraf\u0131ndan d\u00fczenlenen &#8220;T\u00fcrkiye Y\u00fczy\u0131l\u0131nda \u0130nsan, Aile ve Toplum&#8221; panelinde g\u00fc\u00e7l\u00fc bir toplumun in\u015fas\u0131nda aile yap\u0131s\u0131n\u0131n korunmas\u0131n\u0131n stratejik \u00f6nemi \u00fczerinde duruldu. Mu\u011fla\u2019da sivil toplum ve b\u00fcrokrasiyi bir araya getiren panel, alan\u0131nda uzman akademisyenlerin sunumlar\u0131yla ger\u00e7ekle\u015ftirildi. \u0130nsan, aile ve toplum \u00fc\u00e7genindeki de\u011fi\u015fimlerin ve modern \u00e7a\u011f\u0131n getirdi\u011fi yeni dinamiklerin ele al\u0131nd\u0131\u011f\u0131 oturumlarda, toplumsal yap\u0131n\u0131n temel&#8230;<\/p>\n","protected":false},"author":1,"featured_media":85248,"comment_status":"open","ping_status":"open","sticky":false,"template":"","format":"standard","meta":{"_crdt_document":"","footnotes":""},"categories":[1],"tags":[],"class_list":["post-85247","post","type-post","status-publish","format-standard","has-post-thumbnail","hentry","category-guncel"],"_links":{"self":[{"href":"https:\/\/www.egemtv.com\/index.php?rest_route=\/wp\/v2\/posts\/85247","targetHints":{"allow":["GET"]}}],"collection":[{"href":"https:\/\/www.egemtv.com\/index.php?rest_route=\/wp\/v2\/posts"}],"about":[{"href":"https:\/\/www.egemtv.com\/index.php?rest_route=\/wp\/v2\/types\/post"}],"author":[{"embeddable":true,"href":"https:\/\/www.egemtv.com\/index.php?rest_route=\/wp\/v2\/users\/1"}],"replies":[{"embeddable":true,"href":"https:\/\/www.egemtv.com\/index.php?rest_route=%2Fwp%2Fv2%2Fcomments&post=85247"}],"version-history":[{"count":1,"href":"https:\/\/www.egemtv.com\/index.php?rest_route=\/wp\/v2\/posts\/85247\/revisions"}],"predecessor-version":[{"id":85249,"href":"https:\/\/www.egemtv.com\/index.php?rest_route=\/wp\/v2\/posts\/85247\/revisions\/85249"}],"wp:featuredmedia":[{"embeddable":true,"href":"https:\/\/www.egemtv.com\/index.php?rest_route=\/wp\/v2\/media\/85248"}],"wp:attachment":[{"href":"https:\/\/www.egemtv.com\/index.php?rest_route=%2Fwp%2Fv2%2Fmedia&parent=85247"}],"wp:term":[{"taxonomy":"category","embeddable":true,"href":"https:\/\/www.egemtv.com\/index.php?rest_route=%2Fwp%2Fv2%2Fcategories&post=85247"},{"taxonomy":"post_tag","embeddable":true,"href":"https:\/\/www.egemtv.com\/index.php?rest_route=%2Fwp%2Fv2%2Ftags&post=85247"}],"curies":[{"name":"wp","href":"https:\/\/api.w.org\/{rel}","templated":true}]}}