{"id":85238,"date":"2026-02-04T10:14:44","date_gmt":"2026-02-04T07:14:44","guid":{"rendered":"https:\/\/www.egemtv.com\/?p=85238"},"modified":"2026-02-04T10:14:45","modified_gmt":"2026-02-04T07:14:45","slug":"saganak-yagislar-ataturk-barajina-can-verdi","status":"publish","type":"post","link":"https:\/\/www.egemtv.com\/?p=85238","title":{"rendered":"Sa\u011fanak ya\u011f\u0131\u015flar Atat\u00fcrk Baraj\u0131\u2019na can verdi"},"content":{"rendered":"<p>Ayd\u0131n\u2019\u0131n \u00c7ine il\u00e7esinde bulunan Atat\u00fcrk Baraj\u0131\u2019nda son g\u00fcnlerde etkili olan sa\u011fanak ya\u011f\u0131\u015flar\u0131n ard\u0131ndan sevindiren bir geli\u015fme ya\u015fan\u0131rken, ya\u011f\u0131\u015flarla birlikte barajdaki su seviyesinin ciddi oranda artt\u0131\u011f\u0131 g\u00f6zlemlendi.<\/p>\n<p>B\u00f6lgede etkili olan ya\u011f\u0131\u015flar\u0131n ard\u0131ndan Atat\u00fcrk Baraj\u0131\u2019nda su seviyesindeki y\u00fckseli\u015f dikkat \u00e7ekti. Uzun s\u00fcredir d\u00fc\u015f\u00fck seviyelerde seyreden baraj\u0131n, son ya\u011f\u0131\u015flarla birlikte yeniden canland\u0131\u011f\u0131 g\u00f6r\u00fcld\u00fc. Barajdaki su seviyesindeki art\u0131\u015f\u0131n \u00f6zellikle tar\u0131msal sulama a\u00e7\u0131s\u0131ndan \u00f6nem ta\u015f\u0131d\u0131\u011f\u0131 ifade edilirken, \u00e7evrede ya\u015fayan vatanda\u015flar da barajdaki de\u011fi\u015fimin k\u0131sa s\u00fcrede fark edilir hale geldi\u011fini dile getirdi. Ya\u011f\u0131\u015flar\u0131n ard\u0131ndan su seviyesinin g\u00f6zle g\u00f6r\u00fcl\u00fcr bi\u00e7imde y\u00fckselmesi, yaz aylar\u0131 \u00f6ncesinde \u00fcreticiler a\u00e7\u0131s\u0131ndan umut verici bir geli\u015fme olarak de\u011ferlendirildi.<br \/><\/p>\n","protected":false},"excerpt":{"rendered":"<p>Ayd\u0131n\u2019\u0131n \u00c7ine il\u00e7esinde bulunan Atat\u00fcrk Baraj\u0131\u2019nda son g\u00fcnlerde etkili olan sa\u011fanak ya\u011f\u0131\u015flar\u0131n ard\u0131ndan sevindiren bir geli\u015fme ya\u015fan\u0131rken, ya\u011f\u0131\u015flarla birlikte barajdaki su seviyesinin ciddi oranda artt\u0131\u011f\u0131 g\u00f6zlemlendi. B\u00f6lgede etkili olan ya\u011f\u0131\u015flar\u0131n ard\u0131ndan Atat\u00fcrk Baraj\u0131\u2019nda su seviyesindeki y\u00fckseli\u015f dikkat \u00e7ekti. Uzun s\u00fcredir d\u00fc\u015f\u00fck seviyelerde seyreden baraj\u0131n, son ya\u011f\u0131\u015flarla birlikte yeniden canland\u0131\u011f\u0131 g\u00f6r\u00fcld\u00fc. Barajdaki su seviyesindeki art\u0131\u015f\u0131n \u00f6zellikle&#8230;<\/p>\n","protected":false},"author":1,"featured_media":85239,"comment_status":"open","ping_status":"open","sticky":false,"template":"","format":"standard","meta":{"_crdt_document":"","footnotes":""},"categories":[1],"tags":[],"class_list":["post-85238","post","type-post","status-publish","format-standard","has-post-thumbnail","hentry","category-guncel"],"_links":{"self":[{"href":"https:\/\/www.egemtv.com\/index.php?rest_route=\/wp\/v2\/posts\/85238","targetHints":{"allow":["GET"]}}],"collection":[{"href":"https:\/\/www.egemtv.com\/index.php?rest_route=\/wp\/v2\/posts"}],"about":[{"href":"https:\/\/www.egemtv.com\/index.php?rest_route=\/wp\/v2\/types\/post"}],"author":[{"embeddable":true,"href":"https:\/\/www.egemtv.com\/index.php?rest_route=\/wp\/v2\/users\/1"}],"replies":[{"embeddable":true,"href":"https:\/\/www.egemtv.com\/index.php?rest_route=%2Fwp%2Fv2%2Fcomments&post=85238"}],"version-history":[{"count":1,"href":"https:\/\/www.egemtv.com\/index.php?rest_route=\/wp\/v2\/posts\/85238\/revisions"}],"predecessor-version":[{"id":85240,"href":"https:\/\/www.egemtv.com\/index.php?rest_route=\/wp\/v2\/posts\/85238\/revisions\/85240"}],"wp:featuredmedia":[{"embeddable":true,"href":"https:\/\/www.egemtv.com\/index.php?rest_route=\/wp\/v2\/media\/85239"}],"wp:attachment":[{"href":"https:\/\/www.egemtv.com\/index.php?rest_route=%2Fwp%2Fv2%2Fmedia&parent=85238"}],"wp:term":[{"taxonomy":"category","embeddable":true,"href":"https:\/\/www.egemtv.com\/index.php?rest_route=%2Fwp%2Fv2%2Fcategories&post=85238"},{"taxonomy":"post_tag","embeddable":true,"href":"https:\/\/www.egemtv.com\/index.php?rest_route=%2Fwp%2Fv2%2Ftags&post=85238"}],"curies":[{"name":"wp","href":"https:\/\/api.w.org\/{rel}","templated":true}]}}