{"id":85235,"date":"2026-02-04T10:14:43","date_gmt":"2026-02-04T07:14:43","guid":{"rendered":"https:\/\/www.egemtv.com\/?p=85235"},"modified":"2026-02-04T10:14:44","modified_gmt":"2026-02-04T07:14:44","slug":"karacasuda-sap-hastaligina-yonelik-karantina-kaldirildi","status":"publish","type":"post","link":"https:\/\/www.egemtv.com\/?p=85235","title":{"rendered":"Karacasu\u2019da \u015fap hastal\u0131\u011f\u0131na y\u00f6nelik karantina kald\u0131r\u0131ld\u0131"},"content":{"rendered":"<p>Ayd\u0131n\u2019\u0131n Karacasu il\u00e7esinde g\u00f6r\u00fclen \u015fap hastal\u0131\u011f\u0131 nedeniyle uygulanan kordon ve karantina tedbirleri kald\u0131r\u0131ld\u0131.<\/p>\n<p>Karacasu \u0130l\u00e7e Tar\u0131m ve Orman M\u00fcd\u00fcrl\u00fc\u011f\u00fc taraf\u0131ndan yap\u0131lan a\u00e7\u0131klamada, hastal\u0131k s\u00fcrecinin kontrol alt\u0131na al\u0131nd\u0131\u011f\u0131 ve uygulanan tedbirlerin ard\u0131ndan karantinan\u0131n sona erdi\u011fi bildirildi. S\u00fcre\u00e7 boyunca gerekli hassasiyeti g\u00f6steren yeti\u015ftiricilere te\u015fekk\u00fcr edilirken, hayvan sa\u011fl\u0131\u011f\u0131n\u0131n korunmas\u0131n\u0131n \u00f6nemine dikkat \u00e7ekildi. A\u00e7\u0131klamada, benzer durumlar\u0131n tekrar ya\u015fanmamas\u0131 ad\u0131na a\u015f\u0131lama ve dezenfeksiyon kurallar\u0131na titizlikle uyulmas\u0131n\u0131n b\u00fcy\u00fck \u00f6nem ta\u015f\u0131d\u0131\u011f\u0131 vurguland\u0131. Ayr\u0131ca yeti\u015ftiricilerin, hayvan sa\u011fl\u0131\u011f\u0131na y\u00f6nelik uygulamalarda duyarl\u0131 davranmalar\u0131n\u0131n hem bireysel hem de b\u00f6lgesel hayvanc\u0131l\u0131k a\u00e7\u0131s\u0131ndan kritik oldu\u011fu ifade edildi. \u00d6te yandan, yeti\u015ftiricilerin hayvan hareketleri ve sevk i\u015flemleriyle ilgili detayl\u0131 bilgi almak i\u00e7in Karacasu \u0130l\u00e7e Tar\u0131m ve Orman M\u00fcd\u00fcrl\u00fc\u011f\u00fc\u2019ne ba\u015fvurabilecekleri kaydedildi.<br \/><\/p>\n","protected":false},"excerpt":{"rendered":"<p>Ayd\u0131n\u2019\u0131n Karacasu il\u00e7esinde g\u00f6r\u00fclen \u015fap hastal\u0131\u011f\u0131 nedeniyle uygulanan kordon ve karantina tedbirleri kald\u0131r\u0131ld\u0131. Karacasu \u0130l\u00e7e Tar\u0131m ve Orman M\u00fcd\u00fcrl\u00fc\u011f\u00fc taraf\u0131ndan yap\u0131lan a\u00e7\u0131klamada, hastal\u0131k s\u00fcrecinin kontrol alt\u0131na al\u0131nd\u0131\u011f\u0131 ve uygulanan tedbirlerin ard\u0131ndan karantinan\u0131n sona erdi\u011fi bildirildi. S\u00fcre\u00e7 boyunca gerekli hassasiyeti g\u00f6steren yeti\u015ftiricilere te\u015fekk\u00fcr edilirken, hayvan sa\u011fl\u0131\u011f\u0131n\u0131n korunmas\u0131n\u0131n \u00f6nemine dikkat \u00e7ekildi. A\u00e7\u0131klamada, benzer durumlar\u0131n tekrar ya\u015fanmamas\u0131 ad\u0131na&#8230;<\/p>\n","protected":false},"author":1,"featured_media":85236,"comment_status":"open","ping_status":"open","sticky":false,"template":"","format":"standard","meta":{"_crdt_document":"","footnotes":""},"categories":[1],"tags":[],"class_list":["post-85235","post","type-post","status-publish","format-standard","has-post-thumbnail","hentry","category-guncel"],"_links":{"self":[{"href":"https:\/\/www.egemtv.com\/index.php?rest_route=\/wp\/v2\/posts\/85235","targetHints":{"allow":["GET"]}}],"collection":[{"href":"https:\/\/www.egemtv.com\/index.php?rest_route=\/wp\/v2\/posts"}],"about":[{"href":"https:\/\/www.egemtv.com\/index.php?rest_route=\/wp\/v2\/types\/post"}],"author":[{"embeddable":true,"href":"https:\/\/www.egemtv.com\/index.php?rest_route=\/wp\/v2\/users\/1"}],"replies":[{"embeddable":true,"href":"https:\/\/www.egemtv.com\/index.php?rest_route=%2Fwp%2Fv2%2Fcomments&post=85235"}],"version-history":[{"count":1,"href":"https:\/\/www.egemtv.com\/index.php?rest_route=\/wp\/v2\/posts\/85235\/revisions"}],"predecessor-version":[{"id":85237,"href":"https:\/\/www.egemtv.com\/index.php?rest_route=\/wp\/v2\/posts\/85235\/revisions\/85237"}],"wp:featuredmedia":[{"embeddable":true,"href":"https:\/\/www.egemtv.com\/index.php?rest_route=\/wp\/v2\/media\/85236"}],"wp:attachment":[{"href":"https:\/\/www.egemtv.com\/index.php?rest_route=%2Fwp%2Fv2%2Fmedia&parent=85235"}],"wp:term":[{"taxonomy":"category","embeddable":true,"href":"https:\/\/www.egemtv.com\/index.php?rest_route=%2Fwp%2Fv2%2Fcategories&post=85235"},{"taxonomy":"post_tag","embeddable":true,"href":"https:\/\/www.egemtv.com\/index.php?rest_route=%2Fwp%2Fv2%2Ftags&post=85235"}],"curies":[{"name":"wp","href":"https:\/\/api.w.org\/{rel}","templated":true}]}}