{"id":85232,"date":"2026-02-04T10:14:42","date_gmt":"2026-02-04T07:14:42","guid":{"rendered":"https:\/\/www.egemtv.com\/?p=85232"},"modified":"2026-02-04T10:14:43","modified_gmt":"2026-02-04T07:14:43","slug":"denizli-saglik-camiasinin-aci-kaybi","status":"publish","type":"post","link":"https:\/\/www.egemtv.com\/?p=85232","title":{"rendered":"Denizli sa\u011fl\u0131k camias\u0131n\u0131n ac\u0131 kayb\u0131"},"content":{"rendered":"<p>Denizli\u2019nin g\u00f6z sa\u011fl\u0131\u011f\u0131nda d\u00fcnyaca tan\u0131nan ismi olan Pamukkale \u00dcniversitesi (PA\u00dc) Hastanesi Kurucu Ba\u015fhekimi Prof. Dr. Volkan Yaylal\u0131 hayat\u0131n\u0131 kaybetti.<\/p>\n<p>\u00d6zel Yaylal\u0131 G\u00f6z Hastanesi Kurucusu, Pamukkale \u00dcniversitesi Kurucu Ba\u015fhekimi Prof. Dr. Volkan Yaylal\u0131, 61 ya\u015f\u0131nda ya\u015fam\u0131n\u0131 yitirdi. Denizli\u2019de g\u00f6z tedavilerinde \u00f6nc\u00fc \u00e7al\u0131\u015fmalara imza atan Yaylal\u0131\u2019n\u0131n bir s\u00fcredir Pamukkale \u00dcniversitesi Hastanesi\u2019nde tedavi g\u00f6rd\u00fc\u011f\u00fc \u00f6\u011frenildi.<\/p>\n<p>G\u00f6z hastal\u0131klar\u0131 alan\u0131nda ulusal ve d\u00fcnya \u00e7apta tan\u0131nan Prof. Dr. Volkan Yaylal\u0131, meslek ya\u015fam\u0131 boyunca bir\u00e7ok ilki hayata ge\u00e7irerek Denizli\u2019de modern g\u00f6z cerrahisinin geli\u015fmesine \u00f6nemli katk\u0131lar sundu. Vitreoretinal cerrahi, dekolman ameliyat\u0131, korneal crosslinking, korneal halka uygulamas\u0131 ve excimer lazer gibi pek \u00e7ok ileri tedavinin kentte ilk kez uygulanmas\u0131nda \u00f6nc\u00fc oldu.<\/p>\n<p>Akademik ba\u015far\u0131lar\u0131, yeti\u015ftirdi\u011fi hekimler ve hastalar\u0131na sundu\u011fu nitelikli sa\u011fl\u0131k hizmetleriyle haf\u0131zalarda yer edinen Prof. Dr. Volkan Yaylal\u0131\u2019n\u0131n vefat\u0131, Denizli ve T\u00fcrkiye sa\u011fl\u0131k camias\u0131nda derin \u00fcz\u00fcnt\u00fcye neden oldu.<\/p>\n<p>Yar\u0131n son yolculu\u011funa u\u011furlanacak<br \/>\n<br \/>Prof. Dr. Volkan Yaylal\u0131, 05 \u015eubat 2026 Per\u015fembe g\u00fcn\u00fc saat 10.00\u2019da kurucusu oldu\u011fu Yaylal\u0131 G\u00f6z Hastanesinden u\u011furlanacak. Saat 12.00\u2019de Pamukkale \u00dcniversitesi\u2019nde t\u00f6ren d\u00fczenlenecek. Merhumun cenazesi, \u00f6\u011fle namaz\u0131na m\u00fcteakip Denizli M\u00fcft\u00fcs\u00fc Ahmet Hulusi Efendi Camii\u2019nde k\u0131l\u0131nacak cenaze namaz\u0131n\u0131n ard\u0131ndan Servergazi Mezarl\u0131\u011f\u0131\u2019nda defnedilecek.<br \/><\/p>\n","protected":false},"excerpt":{"rendered":"<p>Denizli\u2019nin g\u00f6z sa\u011fl\u0131\u011f\u0131nda d\u00fcnyaca tan\u0131nan ismi olan Pamukkale \u00dcniversitesi (PA\u00dc) Hastanesi Kurucu Ba\u015fhekimi Prof. Dr. Volkan Yaylal\u0131 hayat\u0131n\u0131 kaybetti. \u00d6zel Yaylal\u0131 G\u00f6z Hastanesi Kurucusu, Pamukkale \u00dcniversitesi Kurucu Ba\u015fhekimi Prof. Dr. Volkan Yaylal\u0131, 61 ya\u015f\u0131nda ya\u015fam\u0131n\u0131 yitirdi. Denizli\u2019de g\u00f6z tedavilerinde \u00f6nc\u00fc \u00e7al\u0131\u015fmalara imza atan Yaylal\u0131\u2019n\u0131n bir s\u00fcredir Pamukkale \u00dcniversitesi Hastanesi\u2019nde tedavi g\u00f6rd\u00fc\u011f\u00fc \u00f6\u011frenildi. G\u00f6z hastal\u0131klar\u0131 alan\u0131nda&#8230;<\/p>\n","protected":false},"author":1,"featured_media":85233,"comment_status":"open","ping_status":"open","sticky":false,"template":"","format":"standard","meta":{"_crdt_document":"","footnotes":""},"categories":[2],"tags":[],"class_list":["post-85232","post","type-post","status-publish","format-standard","has-post-thumbnail","hentry","category-saglik"],"_links":{"self":[{"href":"https:\/\/www.egemtv.com\/index.php?rest_route=\/wp\/v2\/posts\/85232","targetHints":{"allow":["GET"]}}],"collection":[{"href":"https:\/\/www.egemtv.com\/index.php?rest_route=\/wp\/v2\/posts"}],"about":[{"href":"https:\/\/www.egemtv.com\/index.php?rest_route=\/wp\/v2\/types\/post"}],"author":[{"embeddable":true,"href":"https:\/\/www.egemtv.com\/index.php?rest_route=\/wp\/v2\/users\/1"}],"replies":[{"embeddable":true,"href":"https:\/\/www.egemtv.com\/index.php?rest_route=%2Fwp%2Fv2%2Fcomments&post=85232"}],"version-history":[{"count":1,"href":"https:\/\/www.egemtv.com\/index.php?rest_route=\/wp\/v2\/posts\/85232\/revisions"}],"predecessor-version":[{"id":85234,"href":"https:\/\/www.egemtv.com\/index.php?rest_route=\/wp\/v2\/posts\/85232\/revisions\/85234"}],"wp:featuredmedia":[{"embeddable":true,"href":"https:\/\/www.egemtv.com\/index.php?rest_route=\/wp\/v2\/media\/85233"}],"wp:attachment":[{"href":"https:\/\/www.egemtv.com\/index.php?rest_route=%2Fwp%2Fv2%2Fmedia&parent=85232"}],"wp:term":[{"taxonomy":"category","embeddable":true,"href":"https:\/\/www.egemtv.com\/index.php?rest_route=%2Fwp%2Fv2%2Fcategories&post=85232"},{"taxonomy":"post_tag","embeddable":true,"href":"https:\/\/www.egemtv.com\/index.php?rest_route=%2Fwp%2Fv2%2Ftags&post=85232"}],"curies":[{"name":"wp","href":"https:\/\/api.w.org\/{rel}","templated":true}]}}