{"id":85229,"date":"2026-02-04T10:14:41","date_gmt":"2026-02-04T07:14:41","guid":{"rendered":"https:\/\/www.egemtv.com\/?p=85229"},"modified":"2026-02-04T10:14:42","modified_gmt":"2026-02-04T07:14:42","slug":"kanserle-savasi-kazandi-umudu-yuzlere-tasidi","status":"publish","type":"post","link":"https:\/\/www.egemtv.com\/?p=85229","title":{"rendered":"Kanserle sava\u015f\u0131 kazand\u0131, umudu y\u00fczlere ta\u015f\u0131d\u0131"},"content":{"rendered":"<p>\u0130zmir\u2019de 2023 y\u0131l\u0131nda meme kanseri te\u015fhisi alm\u0131\u015f ve bu s\u00fcre\u00e7te en b\u00fcy\u00fck motivasyonu makyaj yaparak bulan makyaj sanat\u00e7\u0131s\u0131 Deniz Aksu, hem kendi ya\u015fad\u0131klar\u0131n\u0131 anlatt\u0131 hem de kansere kar\u015f\u0131 m\u00fccadele veren hastalara moral a\u015f\u0131lad\u0131.<br \/>\n<br \/>Medicana International \u0130zmir Hastanesi, 4 \u015eubat D\u00fcnya Kanser G\u00fcn\u00fc\u2019nde hastalara moral olmak ve kansere kar\u015f\u0131 fark\u0131ndal\u0131\u011f\u0131n artmas\u0131n\u0131 sa\u011flamak amac\u0131yla &#8220;Kanserle M\u00fccadele Duygular\u0131 Tan\u0131makla Ba\u015flar&#8221; ba\u015fl\u0131kl\u0131 etkinlik d\u00fczenledi. Hikayesiyle kanser hastalar\u0131na g\u00fc\u00e7 veren ve kansere kar\u015f\u0131 sava\u015f\u0131nda en b\u00fcy\u00fck motivasyonu makyaj yapmakta bulan makyaj sanat\u00e7\u0131s\u0131 Deniz Aksu, Medicana International \u0130zmir Hastanesi\u2019nde tedavi g\u00f6ren onkoloji hastalar\u0131yla bir araya geldi. \u2018Kanserle M\u00fccadele Duygular\u0131 Tan\u0131makla Ba\u015flar\u2019 ba\u015fl\u0131\u011f\u0131yla ger\u00e7ekle\u015ftirilen y\u00fcz ta\u015f\u0131 ve glitter uygulamas\u0131na hastalar\u0131n yan\u0131 s\u0131ra kad\u0131n ve erkek sa\u011fl\u0131k \u00e7al\u0131\u015fanlar\u0131 da kat\u0131ld\u0131. Erkek sa\u011fl\u0131k \u00e7al\u0131\u015fanlar\u0131 kollar\u0131na y\u00fcz ta\u015f\u0131 ve glitter uygulat\u0131rken, kad\u0131nlar da y\u00fczlerine ve ellerine ayn\u0131 uygulamay\u0131 yapt\u0131rarak, &#8220;Kansere kar\u015f\u0131 yan\u0131n\u0131zday\u0131z&#8221; mesaj\u0131 verdi.<br \/>\n<br \/>Kanserle M\u00fccadele Duygular\u0131 Tan\u0131makla Ba\u015flar etkinli\u011fi kanser hastalar\u0131ndan da tam not ald\u0131. Baz\u0131 hastalar\u0131n kemoterapi ald\u0131\u011f\u0131 s\u0131rada dahil oldu\u011fu etkinlikte makyaj sanat\u00e7\u0131s\u0131 Deniz Aksu\u2019nun hikayesini \u00f6\u011frenen hastalar  m\u00fccadelenin \u00f6nemini bir kere daha hat\u0131rlad\u0131klar\u0131n\u0131 ifade etti.<\/p>\n<p>&#8220;Tek g\u00f6\u011f\u00fcsle ya\u015famak beni \u00e7ok etkiledi&#8221;<br \/>\n<br \/>Meme kanseri te\u015fhisini 2023 y\u0131l\u0131nda alan 26 ya\u015f\u0131ndaki Deniz Aksu, etkinlik \u00f6ncesi kanser s\u00fcrecine dair konu\u015ftu. Meme kanseri te\u015fhisi sonras\u0131 5 ay kadar kemoterapi ald\u0131\u011f\u0131n\u0131 ve ard\u0131ndan 2 g\u00f6\u011fs\u00fcn\u00fcn de al\u0131n\u0131p yerine meme protezi yerle\u015ftirildi\u011fini belirten Deniz Aksu, &#8220;G\u00f6\u011fs\u00fcmdeki diki\u015fler g\u00f6rd\u00fc\u011f\u00fcm tedavilerden dolay\u0131 tam iyile\u015femedi. Radyoterapi s\u00fcrecim de ba\u015flay\u0131nca diki\u015flerin iyile\u015fmesi g\u00fc\u00e7le\u015fti. O nedenle bir ameliyat daha oldum ve bir g\u00f6\u011fs\u00fcmdeki protezi \u00e7\u0131kard\u0131lar. Uzunca s\u00fcre tek g\u00f6\u011f\u00fcsle ya\u015famak durumda kalm\u0131\u015ft\u0131m. Beni en \u00e7ok etkileyen bu durum olmu\u015ftu. Ancak sonras\u0131nda yeniden protez tak\u0131ld\u0131 ve \u015fu anda rutin kontrollerle tedavim devam ediyor. Daha iyi bir s\u00fcre\u00e7teyim&#8221; diye konu\u015ftu.<\/p>\n<p>&#8220;Kendimi dinlemeyi \u00f6\u011frendim&#8221;<br \/>\n<br \/>Hastal\u0131\u011f\u0131ndan \u00f6nce \u00e7ok yo\u011fun ve stresli bir \u00e7al\u0131\u015fma hayat\u0131 i\u00e7inde oldu\u011funu dile getiren Deniz Aksu, s\u00f6zlerine \u015f\u00f6yle devam etti: &#8220;\u00d6zel bir firmada genel koordinat\u00f6r olarak \u00e7al\u0131\u015f\u0131yordum. Kanser oldu\u011fumu \u00f6\u011frendikten sonra i\u015fimden ayr\u0131lmak zorunda kald\u0131m. Bu s\u00fcre\u00e7te en \u00e7ok kendimi dinleme ve ne istedi\u011fimi sorma imkan\u0131 elde ettim. Makyaja olan ilgim \u00e7ok \u00f6nceden de vard\u0131 ve bu nedenle sevdi\u011fim i\u015fi yapmak istedim. Bunun i\u00e7in e\u011fitim ald\u0131m ve tedavilerimin ard\u0131ndan sekt\u00f6re profesyonel bir \u015fekilde ad\u0131m att\u0131m. Makyaj sevgim sayesinde kemoterapi ve radyoterapi s\u00fcrecinde motivasyonumu kaybetmedim. Makyaj yapmak bana \u00e7ok iyi geliyordu. Makyaj bana hep moral oldu. Bug\u00fcn de burada kanser hastalar\u0131yla bir araya geldim. Bu organizasyon beni 2023 y\u0131l\u0131ndaki m\u00fccadeleme g\u00f6t\u00fcrd\u00fc. Hastalarla yan yana gelince kendi ya\u015fad\u0131klar\u0131m akl\u0131ma geldi. Sa\u00e7lar\u0131m, kirpiklerim yoktu. Ama yine de bug\u00fcn yapt\u0131\u011f\u0131m i\u015f, bana umut olmu\u015ftu. Umar\u0131m burada yapt\u0131\u011f\u0131m\u0131z etkinlik de hastalara iyi gelir ve daha pozitif bakabilirler.&#8221;<br \/><\/p>\n","protected":false},"excerpt":{"rendered":"<p>\u0130zmir\u2019de 2023 y\u0131l\u0131nda meme kanseri te\u015fhisi alm\u0131\u015f ve bu s\u00fcre\u00e7te en b\u00fcy\u00fck motivasyonu makyaj yaparak bulan makyaj sanat\u00e7\u0131s\u0131 Deniz Aksu, hem kendi ya\u015fad\u0131klar\u0131n\u0131 anlatt\u0131 hem de kansere kar\u015f\u0131 m\u00fccadele veren hastalara moral a\u015f\u0131lad\u0131. Medicana International \u0130zmir Hastanesi, 4 \u015eubat D\u00fcnya Kanser G\u00fcn\u00fc\u2019nde hastalara moral olmak ve kansere kar\u015f\u0131 fark\u0131ndal\u0131\u011f\u0131n artmas\u0131n\u0131 sa\u011flamak amac\u0131yla &#8220;Kanserle M\u00fccadele Duygular\u0131&#8230;<\/p>\n","protected":false},"author":1,"featured_media":85230,"comment_status":"open","ping_status":"open","sticky":false,"template":"","format":"standard","meta":{"_crdt_document":"","footnotes":""},"categories":[2],"tags":[],"class_list":["post-85229","post","type-post","status-publish","format-standard","has-post-thumbnail","hentry","category-saglik"],"_links":{"self":[{"href":"https:\/\/www.egemtv.com\/index.php?rest_route=\/wp\/v2\/posts\/85229","targetHints":{"allow":["GET"]}}],"collection":[{"href":"https:\/\/www.egemtv.com\/index.php?rest_route=\/wp\/v2\/posts"}],"about":[{"href":"https:\/\/www.egemtv.com\/index.php?rest_route=\/wp\/v2\/types\/post"}],"author":[{"embeddable":true,"href":"https:\/\/www.egemtv.com\/index.php?rest_route=\/wp\/v2\/users\/1"}],"replies":[{"embeddable":true,"href":"https:\/\/www.egemtv.com\/index.php?rest_route=%2Fwp%2Fv2%2Fcomments&post=85229"}],"version-history":[{"count":1,"href":"https:\/\/www.egemtv.com\/index.php?rest_route=\/wp\/v2\/posts\/85229\/revisions"}],"predecessor-version":[{"id":85231,"href":"https:\/\/www.egemtv.com\/index.php?rest_route=\/wp\/v2\/posts\/85229\/revisions\/85231"}],"wp:featuredmedia":[{"embeddable":true,"href":"https:\/\/www.egemtv.com\/index.php?rest_route=\/wp\/v2\/media\/85230"}],"wp:attachment":[{"href":"https:\/\/www.egemtv.com\/index.php?rest_route=%2Fwp%2Fv2%2Fmedia&parent=85229"}],"wp:term":[{"taxonomy":"category","embeddable":true,"href":"https:\/\/www.egemtv.com\/index.php?rest_route=%2Fwp%2Fv2%2Fcategories&post=85229"},{"taxonomy":"post_tag","embeddable":true,"href":"https:\/\/www.egemtv.com\/index.php?rest_route=%2Fwp%2Fv2%2Ftags&post=85229"}],"curies":[{"name":"wp","href":"https:\/\/api.w.org\/{rel}","templated":true}]}}