{"id":85226,"date":"2026-02-04T10:14:40","date_gmt":"2026-02-04T07:14:40","guid":{"rendered":"https:\/\/www.egemtv.com\/?p=85226"},"modified":"2026-02-04T10:14:41","modified_gmt":"2026-02-04T07:14:41","slug":"ayesob-baskani-kunkcu-kuyucakta-esnaflarla-bulustu","status":"publish","type":"post","link":"https:\/\/www.egemtv.com\/?p=85226","title":{"rendered":"AYESOB Ba\u015fkan\u0131 K\u00fcnkc\u00fc, Kuyucak\u2019ta esnaflarla bulu\u015ftu"},"content":{"rendered":"<p>Ayd\u0131n Esnaf ve Sanatkarlar Odalar\u0131 Birli\u011fi (AYESOB) Ba\u015fkan\u0131 Muhammet Ali K\u00fcnkc\u00fc, Kuyucak Esnaf ve Sanatkarlar Odas\u0131 Ba\u015fkan\u0131 Mustafa Ali Kocada\u011f ve y\u00f6netim kurulu \u00fcyeleriyle birlikte Kuyucak\u2019ta \u00e7ar\u015f\u0131 ve sanayi esnaf\u0131n\u0131 ziyaret etti.<\/p>\n<p>Esnafla birebir temas kuran, sorunlar\u0131 yerinde dinleyen ve \u00e7\u00f6z\u00fcm iradesini sahaya yans\u0131tan Ba\u015fkan K\u00fcnkc\u00fc\u2019n\u00fcn ziyareti, Kuyucak\u2019ta b\u00fcy\u00fck memnuniyetle kar\u015f\u0131land\u0131. \u00c7ar\u015f\u0131dan sanayiye uzanan ziyaretlerde esnaf\u0131n talepleri tek tek not al\u0131n\u0131rken, \u00e7\u00f6z\u00fcm odakl\u0131 bir yol haritas\u0131 \u00fczerinde de\u011ferlendirmeler yap\u0131ld\u0131.<br \/>\n<br \/>Ziyaretlerde ilgiyle kar\u015f\u0131lanan AYESOB Ba\u015fkan\u0131 Muhammet Ali K\u00fcnkc\u00fc esnafla i\u00e7 i\u00e7e olman\u0131n \u00f6nemine vurgu yaparak, &#8220;Esnaf\u0131m\u0131z\u0131n g\u00fcc\u00fc bizim g\u00fcc\u00fcm\u00fczd\u00fcr. Bizler esnaf\u0131n sorunlar\u0131n\u0131 uzaktan de\u011fil, bizzat sahada dinleyen bir anlay\u0131\u015fla \u00e7al\u0131\u015f\u0131yoruz. Sorunlar\u0131 masa ba\u015f\u0131nda de\u011fil, sahada, birebir dinliyoruz. Kuyucak\u2019ta \u00e7ar\u015f\u0131 ve sanayi esnaf\u0131m\u0131zla g\u00fc\u00e7l\u00fc bir ba\u011f kurduk ve taleplerini dinledik. AYESOB olarak her \u015fartta esnaf\u0131m\u0131z\u0131n yan\u0131nda olmaya devam edece\u011fiz&#8221; dedi<br \/>\n<br \/>Kuyucak Esnaf ve Sanatk\u00e2rlar Odas\u0131 Ba\u015fkan\u0131 Mustafa Ali Kocada\u011f ise &#8220;Ba\u015fkan\u0131m\u0131z Muhammet Ali K\u00fcnkc\u00fc\u2019n\u00fcn Kuyucak\u2019a verdi\u011fi \u00f6nem ve esnaf\u0131m\u0131za g\u00f6sterdi\u011fi yak\u0131n ilgi, bizleri \u00e7ok mutlu etti. Bizlerle birlikte esnaf\u0131m\u0131z\u0131n sorunlar\u0131n\u0131 ve s\u0131k\u0131nt\u0131lar\u0131n\u0131 dinleyen Muhammet Ba\u015fkan\u0131m\u0131za te\u015fekk\u00fcr ederim. Birlikte esnaf\u0131m\u0131z i\u00e7in \u00e7al\u0131\u015fmaya devam edece\u011fiz&#8221; diye konu\u015ftu.<br \/>\n<br \/>Ayr\u0131ca ziyaretlerden duyduklar\u0131 memnuniyeti dile getiren Kuyucakl\u0131 esnaflar, sorunlar\u0131n\u0131 do\u011frudan muhataplar\u0131na iletme imkan\u0131 bulduklar\u0131n\u0131 ifade ederek Ba\u015fkan K\u00fcnkc\u00fc ve Ba\u015fkan Kocada\u011f\u2019a te\u015fekk\u00fcr etti.<br \/><\/p>\n","protected":false},"excerpt":{"rendered":"<p>Ayd\u0131n Esnaf ve Sanatkarlar Odalar\u0131 Birli\u011fi (AYESOB) Ba\u015fkan\u0131 Muhammet Ali K\u00fcnkc\u00fc, Kuyucak Esnaf ve Sanatkarlar Odas\u0131 Ba\u015fkan\u0131 Mustafa Ali Kocada\u011f ve y\u00f6netim kurulu \u00fcyeleriyle birlikte Kuyucak\u2019ta \u00e7ar\u015f\u0131 ve sanayi esnaf\u0131n\u0131 ziyaret etti. Esnafla birebir temas kuran, sorunlar\u0131 yerinde dinleyen ve \u00e7\u00f6z\u00fcm iradesini sahaya yans\u0131tan Ba\u015fkan K\u00fcnkc\u00fc\u2019n\u00fcn ziyareti, Kuyucak\u2019ta b\u00fcy\u00fck memnuniyetle kar\u015f\u0131land\u0131. \u00c7ar\u015f\u0131dan sanayiye uzanan ziyaretlerde&#8230;<\/p>\n","protected":false},"author":1,"featured_media":85227,"comment_status":"open","ping_status":"open","sticky":false,"template":"","format":"standard","meta":{"_crdt_document":"","footnotes":""},"categories":[1],"tags":[],"class_list":["post-85226","post","type-post","status-publish","format-standard","has-post-thumbnail","hentry","category-guncel"],"_links":{"self":[{"href":"https:\/\/www.egemtv.com\/index.php?rest_route=\/wp\/v2\/posts\/85226","targetHints":{"allow":["GET"]}}],"collection":[{"href":"https:\/\/www.egemtv.com\/index.php?rest_route=\/wp\/v2\/posts"}],"about":[{"href":"https:\/\/www.egemtv.com\/index.php?rest_route=\/wp\/v2\/types\/post"}],"author":[{"embeddable":true,"href":"https:\/\/www.egemtv.com\/index.php?rest_route=\/wp\/v2\/users\/1"}],"replies":[{"embeddable":true,"href":"https:\/\/www.egemtv.com\/index.php?rest_route=%2Fwp%2Fv2%2Fcomments&post=85226"}],"version-history":[{"count":1,"href":"https:\/\/www.egemtv.com\/index.php?rest_route=\/wp\/v2\/posts\/85226\/revisions"}],"predecessor-version":[{"id":85228,"href":"https:\/\/www.egemtv.com\/index.php?rest_route=\/wp\/v2\/posts\/85226\/revisions\/85228"}],"wp:featuredmedia":[{"embeddable":true,"href":"https:\/\/www.egemtv.com\/index.php?rest_route=\/wp\/v2\/media\/85227"}],"wp:attachment":[{"href":"https:\/\/www.egemtv.com\/index.php?rest_route=%2Fwp%2Fv2%2Fmedia&parent=85226"}],"wp:term":[{"taxonomy":"category","embeddable":true,"href":"https:\/\/www.egemtv.com\/index.php?rest_route=%2Fwp%2Fv2%2Fcategories&post=85226"},{"taxonomy":"post_tag","embeddable":true,"href":"https:\/\/www.egemtv.com\/index.php?rest_route=%2Fwp%2Fv2%2Ftags&post=85226"}],"curies":[{"name":"wp","href":"https:\/\/api.w.org\/{rel}","templated":true}]}}