{"id":85220,"date":"2026-02-04T09:54:52","date_gmt":"2026-02-04T06:54:52","guid":{"rendered":"https:\/\/www.egemtv.com\/?p=85220"},"modified":"2026-02-04T09:54:53","modified_gmt":"2026-02-04T06:54:53","slug":"kamusal-alanlara-genc-tasarimlar","status":"publish","type":"post","link":"https:\/\/www.egemtv.com\/?p=85220","title":{"rendered":"Kamusal alanlara gen\u00e7 tasar\u0131mlar"},"content":{"rendered":"<p>Ya\u015far \u00dcniversitesi End\u00fcstriyel Tasar\u0131m B\u00f6l\u00fcm\u00fc \u00f6\u011frencileri, \u0130zmir B\u00fcy\u00fck\u015fehir Belediyesi i\u015f birli\u011fiyle kentin d\u00f6rt \u00f6nemli kamusal alan\u0131 i\u00e7in s\u00fcrd\u00fcr\u00fclebilir ve yenilik\u00e7i kentsel \u00fcr\u00fcnler tasarlad\u0131.<br \/>\n<br \/>\u0130zmir B\u00fcy\u00fck\u015fehir Belediyesi Kentsel Tasar\u0131m ve Kent Esteti\u011fi \u015eube M\u00fcd\u00fcrl\u00fc\u011f\u00fc ile Ya\u015far \u00dcniversitesi End\u00fcstriyel Tasar\u0131m B\u00f6l\u00fcm\u00fc i\u015f birli\u011finde y\u00fcr\u00fct\u00fclen &#8220;Re-Value \u0130zmir &#8211; Kamusal Alanlar i\u00e7in Kentsel \u00dcr\u00fcn Tasar\u0131m\u0131&#8221; projesi tamamland\u0131. Proje, Avrupa\u2019n\u0131n bilimsel ara\u015ft\u0131rma ve yenilik projelerini destekleyen en b\u00fcy\u00fck finansman program\u0131 olan Horizon Europe  kapsam\u0131nda geli\u015ftirildi ve Norve\u00e7 Bilim ve Teknoloji \u00dcniversitesi (NTNU) koordinasyonundaki Re-Value giri\u015fimiyle ili\u015fkili olarak y\u00fcr\u00fct\u00fcld\u00fc. \u0130zmir B\u00fcy\u00fck\u015fehir Belediyesi ve \u0130zmir Y\u00fcksek Teknoloji Enstit\u00fcs\u00fc ortakl\u0131\u011f\u0131yla 2022 y\u0131l\u0131ndan bu yana s\u00fcrd\u00fcr\u00fclen Re-Value Projesi, gen\u00e7lerle ve \u00fcniversitelerle i\u015f birli\u011fi temas\u0131 kapsam\u0131nda, bu kez Ya\u015far \u00dcniversitesi End\u00fcstriyel Tasar\u0131m B\u00f6l\u00fcm\u00fc \u00f6\u011frencileri ile bulu\u015ftu. New European Bauhaus (NEB) ilkelerine dayanan \u00e7al\u0131\u015fma; iklim n\u00f6trl\u00fc\u011f\u00fc, s\u00fcrd\u00fcr\u00fclebilirlik ve kent esteti\u011fi odakl\u0131 yap\u0131ld\u0131.<\/p>\n<p>Kentin gelece\u011fi i\u00e7in tasar\u0131m<br \/>\n<br \/>Proje hakk\u0131nda bilgi veren Ya\u015far \u00dcniversitesi End\u00fcstriyel Tasar\u0131m B\u00f6l\u00fcm\u00fc Dr.\u00d6\u011fr.\u00dcyesi Sevi Merter &#8220;INDD 4407 End\u00fcstriyel Tasar\u0131m St\u00fcdyosu 5 dersi kapsam\u0131nda 4. s\u0131n\u0131f \u00f6\u011frencilerimiz, 8 haftal\u0131k projede veriye dayal\u0131 ve kat\u0131l\u0131mc\u0131 bir yakla\u015f\u0131mla, kentin stratejik kamusal alanlar\u0131na y\u00f6nelik tasar\u0131mlar geli\u015ftirmeyi hedeflediler. Ger\u00e7ekle\u015ftirdikleri detayl\u0131 saha analizleri, anket, r\u00f6portaj ve kullan\u0131c\u0131 g\u00f6zlemleriyle kentin g\u00fcncel kamusal ihtiya\u00e7lar\u0131n\u0131 tespit ederek; oturma elemanlar\u0131ndan ayd\u0131nlatmaya, at\u0131k y\u00f6netim birimlerinden y\u00f6nlendirme sistemlerine kadar \u00e7e\u015fitli kentsel donat\u0131 \u00fcr\u00fcnleri tasarlad\u0131lar.  Projede, \u00f6\u011frencilere ger\u00e7ek bir tasar\u0131m problemine veriye dayal\u0131 y\u00f6ntemlerle \u00e7\u00f6z\u00fcm \u00fcretme ve uluslararas\u0131 Re-Value projesi vizyonuyla \u00e7al\u0131\u015fma deneyimi kazand\u0131r\u0131ld\u0131. \u0130zmir de bu sayede kamusal alanlar\u0131n g\u00fcncel ihtiya\u00e7lar\u0131na yan\u0131t veren ve kent belle\u011fini yans\u0131tan, \u00fcretimi kolay ve s\u00fcrd\u00fcr\u00fclebilir kentsel tasar\u0131m \u00f6nerilerine kavu\u015fmu\u015f oldu. Bu \u00f6nerilerin kentin gelece\u011fi i\u00e7in olduk\u00e7a y\u00fcksek potansiyel ta\u015f\u0131d\u0131\u011f\u0131na inan\u0131yoruz&#8221; dedi.<br \/>\n<br \/>\u00d6\u011frenciler, K\u0131br\u0131s \u015eehitleri Caddesi, Ali \u00c7etinkaya Bulvar\u0131, Mustafa Enver Bey Caddesi ve Dominik Caddesi olmak \u00fczere d\u00f6rt stratejik kamusal alanda saha \u00e7al\u0131\u015fmalar\u0131 yaparak, kullan\u0131c\u0131 ihtiya\u00e7lar\u0131na yan\u0131t veren kentsel donat\u0131 ve \u00fcr\u00fcn tasar\u0131mlar\u0131 geli\u015ftirdi. Tasar\u0131mlar\u0131n s\u00fcrd\u00fcr\u00fclebilir, mod\u00fcler, \u00e7ok i\u015flevli, \u00fcretim ve bak\u0131m a\u00e7\u0131s\u0131ndan uygulanabilir; ayn\u0131 zamanda kent belle\u011fini ve yerel kimli\u011fi yans\u0131tan nitelikte olmas\u0131 hedeflendi.<br \/><\/p>\n","protected":false},"excerpt":{"rendered":"<p>Ya\u015far \u00dcniversitesi End\u00fcstriyel Tasar\u0131m B\u00f6l\u00fcm\u00fc \u00f6\u011frencileri, \u0130zmir B\u00fcy\u00fck\u015fehir Belediyesi i\u015f birli\u011fiyle kentin d\u00f6rt \u00f6nemli kamusal alan\u0131 i\u00e7in s\u00fcrd\u00fcr\u00fclebilir ve yenilik\u00e7i kentsel \u00fcr\u00fcnler tasarlad\u0131. \u0130zmir B\u00fcy\u00fck\u015fehir Belediyesi Kentsel Tasar\u0131m ve Kent Esteti\u011fi \u015eube M\u00fcd\u00fcrl\u00fc\u011f\u00fc ile Ya\u015far \u00dcniversitesi End\u00fcstriyel Tasar\u0131m B\u00f6l\u00fcm\u00fc i\u015f birli\u011finde y\u00fcr\u00fct\u00fclen &#8220;Re-Value \u0130zmir &#8211; Kamusal Alanlar i\u00e7in Kentsel \u00dcr\u00fcn Tasar\u0131m\u0131&#8221; projesi tamamland\u0131. Proje, Avrupa\u2019n\u0131n&#8230;<\/p>\n","protected":false},"author":1,"featured_media":85221,"comment_status":"open","ping_status":"open","sticky":false,"template":"","format":"standard","meta":{"_crdt_document":"","footnotes":""},"categories":[1],"tags":[],"class_list":["post-85220","post","type-post","status-publish","format-standard","has-post-thumbnail","hentry","category-guncel"],"_links":{"self":[{"href":"https:\/\/www.egemtv.com\/index.php?rest_route=\/wp\/v2\/posts\/85220","targetHints":{"allow":["GET"]}}],"collection":[{"href":"https:\/\/www.egemtv.com\/index.php?rest_route=\/wp\/v2\/posts"}],"about":[{"href":"https:\/\/www.egemtv.com\/index.php?rest_route=\/wp\/v2\/types\/post"}],"author":[{"embeddable":true,"href":"https:\/\/www.egemtv.com\/index.php?rest_route=\/wp\/v2\/users\/1"}],"replies":[{"embeddable":true,"href":"https:\/\/www.egemtv.com\/index.php?rest_route=%2Fwp%2Fv2%2Fcomments&post=85220"}],"version-history":[{"count":1,"href":"https:\/\/www.egemtv.com\/index.php?rest_route=\/wp\/v2\/posts\/85220\/revisions"}],"predecessor-version":[{"id":85222,"href":"https:\/\/www.egemtv.com\/index.php?rest_route=\/wp\/v2\/posts\/85220\/revisions\/85222"}],"wp:featuredmedia":[{"embeddable":true,"href":"https:\/\/www.egemtv.com\/index.php?rest_route=\/wp\/v2\/media\/85221"}],"wp:attachment":[{"href":"https:\/\/www.egemtv.com\/index.php?rest_route=%2Fwp%2Fv2%2Fmedia&parent=85220"}],"wp:term":[{"taxonomy":"category","embeddable":true,"href":"https:\/\/www.egemtv.com\/index.php?rest_route=%2Fwp%2Fv2%2Fcategories&post=85220"},{"taxonomy":"post_tag","embeddable":true,"href":"https:\/\/www.egemtv.com\/index.php?rest_route=%2Fwp%2Fv2%2Ftags&post=85220"}],"curies":[{"name":"wp","href":"https:\/\/api.w.org\/{rel}","templated":true}]}}