{"id":85217,"date":"2026-02-04T09:54:51","date_gmt":"2026-02-04T06:54:51","guid":{"rendered":"https:\/\/www.egemtv.com\/?p=85217"},"modified":"2026-02-04T09:54:52","modified_gmt":"2026-02-04T06:54:52","slug":"baskan-arslandan-ak-parti-genel-baskan-yardimcisi-kayaya-anlamli-hediye","status":"publish","type":"post","link":"https:\/\/www.egemtv.com\/?p=85217","title":{"rendered":"Ba\u015fkan Arslan\u2019dan AK Parti Genel Ba\u015fkan Yard\u0131mc\u0131s\u0131 Kaya\u2019ya anlaml\u0131 hediye"},"content":{"rendered":"<p>DEN\u0130ZL\u0130 (\u0130HA) \u2013 \u00c7ameli Belediye Ba\u015fkan\u0131 Cengiz Arslan, Denizli te\u015fkilat\u0131n\u0131 ziyaret eden AK Parti Genel Ba\u015fkan Yard\u0131mc\u0131s\u0131 ve Sosyal Politikalar Ba\u015fkan\u0131 Fatma Bet\u00fcl Sayan Kaya\u2019ya il\u00e7enin k\u00fclt\u00fcrel ve yerel de\u011ferlerini tan\u0131tan anlaml\u0131 bir hediye takdim etti.<\/p>\n<p>\u00c7ameli Belediye Ba\u015fkan\u0131 Cengiz Arslan, AK Parti Denizli Geni\u015fletilmi\u015f \u0130l Dan\u0131\u015fma Kurulu toplant\u0131na kat\u0131lan AK Parti Genel Ba\u015fkan Yard\u0131mc\u0131s\u0131 ve Sosyal Politikalar Ba\u015fkan\u0131 Fatma Bet\u00fcl Sayan Kaya ile bir araya geldi. Ba\u015fkan Cengiz Arslan, Denizli\u2019de partililerle bulu\u015fan AK Parti Genel Ba\u015fkan Yard\u0131mc\u0131s\u0131 ve Sosyal Politikalar Ba\u015fkan\u0131 Kaya\u2019ya \u00c7ameli\u2019nde hayata ge\u00e7irilen ve devam eden projeler hakk\u0131nda bilgi verdi. Ger\u00e7ekle\u015fen bulu\u015fmada kar\u015f\u0131l\u0131kl\u0131 g\u00f6r\u00fc\u015f al\u0131\u015fveri\u015finde bulunulurken, Ba\u015fkan Arslan il\u00e7enin k\u00fclt\u00fcrel ve yerel de\u011ferlerini yans\u0131tan bir hediyeyi Genel Ba\u015fkan Yard\u0131mc\u0131s\u0131 Kaya\u2019ya takdim etti.<\/p>\n<p>Ziyaretten duyulan memnuniyet dile getiren AK Partili \u00c7ameli Belediye Ba\u015fkan\u0131 Cengiz Arslan, Denizli\u2019ye ger\u00e7ekle\u015ftirdi\u011fi ziyaretleri dolay\u0131s\u0131yla Genel Ba\u015fkan Yard\u0131mc\u0131s\u0131 Fatma Bet\u00fcl Sayan Kaya\u2019ya te\u015fekk\u00fcr etti.<br \/><\/p>\n","protected":false},"excerpt":{"rendered":"<p>DEN\u0130ZL\u0130 (\u0130HA) \u2013 \u00c7ameli Belediye Ba\u015fkan\u0131 Cengiz Arslan, Denizli te\u015fkilat\u0131n\u0131 ziyaret eden AK Parti Genel Ba\u015fkan Yard\u0131mc\u0131s\u0131 ve Sosyal Politikalar Ba\u015fkan\u0131 Fatma Bet\u00fcl Sayan Kaya\u2019ya il\u00e7enin k\u00fclt\u00fcrel ve yerel de\u011ferlerini tan\u0131tan anlaml\u0131 bir hediye takdim etti. \u00c7ameli Belediye Ba\u015fkan\u0131 Cengiz Arslan, AK Parti Denizli Geni\u015fletilmi\u015f \u0130l Dan\u0131\u015fma Kurulu toplant\u0131na kat\u0131lan AK Parti Genel Ba\u015fkan Yard\u0131mc\u0131s\u0131&#8230;<\/p>\n","protected":false},"author":1,"featured_media":85218,"comment_status":"open","ping_status":"open","sticky":false,"template":"","format":"standard","meta":{"_crdt_document":"","footnotes":""},"categories":[127],"tags":[],"class_list":["post-85217","post","type-post","status-publish","format-standard","has-post-thumbnail","hentry","category-siyaset"],"_links":{"self":[{"href":"https:\/\/www.egemtv.com\/index.php?rest_route=\/wp\/v2\/posts\/85217","targetHints":{"allow":["GET"]}}],"collection":[{"href":"https:\/\/www.egemtv.com\/index.php?rest_route=\/wp\/v2\/posts"}],"about":[{"href":"https:\/\/www.egemtv.com\/index.php?rest_route=\/wp\/v2\/types\/post"}],"author":[{"embeddable":true,"href":"https:\/\/www.egemtv.com\/index.php?rest_route=\/wp\/v2\/users\/1"}],"replies":[{"embeddable":true,"href":"https:\/\/www.egemtv.com\/index.php?rest_route=%2Fwp%2Fv2%2Fcomments&post=85217"}],"version-history":[{"count":1,"href":"https:\/\/www.egemtv.com\/index.php?rest_route=\/wp\/v2\/posts\/85217\/revisions"}],"predecessor-version":[{"id":85219,"href":"https:\/\/www.egemtv.com\/index.php?rest_route=\/wp\/v2\/posts\/85217\/revisions\/85219"}],"wp:featuredmedia":[{"embeddable":true,"href":"https:\/\/www.egemtv.com\/index.php?rest_route=\/wp\/v2\/media\/85218"}],"wp:attachment":[{"href":"https:\/\/www.egemtv.com\/index.php?rest_route=%2Fwp%2Fv2%2Fmedia&parent=85217"}],"wp:term":[{"taxonomy":"category","embeddable":true,"href":"https:\/\/www.egemtv.com\/index.php?rest_route=%2Fwp%2Fv2%2Fcategories&post=85217"},{"taxonomy":"post_tag","embeddable":true,"href":"https:\/\/www.egemtv.com\/index.php?rest_route=%2Fwp%2Fv2%2Ftags&post=85217"}],"curies":[{"name":"wp","href":"https:\/\/api.w.org\/{rel}","templated":true}]}}