{"id":85214,"date":"2026-02-04T09:54:50","date_gmt":"2026-02-04T06:54:50","guid":{"rendered":"https:\/\/www.egemtv.com\/?p=85214"},"modified":"2026-02-04T09:54:51","modified_gmt":"2026-02-04T06:54:51","slug":"aydinda-sis-suruculere-zor-anlar-yasatiyor","status":"publish","type":"post","link":"https:\/\/www.egemtv.com\/?p=85214","title":{"rendered":"Ayd\u0131n\u2019da sis s\u00fcr\u00fcc\u00fclere zor anlar ya\u015fat\u0131yor"},"content":{"rendered":"<p>Ayd\u0131n-Mu\u011fla karayolunun \u00c7ine il\u00e7e giri\u015fi mevkiinde etkili olan yo\u011fun sis s\u00fcr\u00fcc\u00fclere zor anlar ya\u015fat\u0131rken, g\u00f6r\u00fc\u015f mesafesinin yer yer ciddi \u015fekilde d\u00fc\u015fmesi nedeniyle trafikte aksamalar ya\u015fan\u0131yor.<\/p>\n<p>Sabah saatlerinden itibaren etkisini art\u0131ran sis, \u00f6zellikle \u00c7ine il\u00e7e giri\u015finde g\u00f6r\u00fc\u015f mesafesini \u00f6nemli \u00f6l\u00e7\u00fcde d\u00fc\u015f\u00fcrd\u00fc. Sisin zaman zaman yo\u011funla\u015fmas\u0131yla birlikte s\u00fcr\u00fcc\u00fcler h\u0131zlar\u0131n\u0131 azaltmak zorunda kal\u0131rken, trafik ak\u0131\u015f\u0131nda belirgin bir yava\u015flama meydana geldi. Yo\u011fun sisin etkili oldu\u011fu b\u00f6lgede baz\u0131 s\u00fcr\u00fcc\u00fclerin d\u00f6rtl\u00fc ikaz lambalar\u0131n\u0131 ve sis farlar\u0131n\u0131 yakarak ilerledi\u011fi g\u00f6zlendi. G\u00f6r\u00fc\u015f mesafesinin d\u00fc\u015fmesi nedeniyle ara\u00e7lar karayolunda temkinli bir \u015fekilde ilerlerken zaman zaman ara\u00e7 kuyruklar\u0131 olu\u015ftu. \u00d6zellikle sabah saatlerinde i\u015fe gidi\u015f yo\u011funlu\u011funun da etkisiyle b\u00f6lgede trafik ak\u0131\u015f\u0131n\u0131n normalin alt\u0131nda seyretti\u011fi kaydedildi.<\/p>\n<p>Sisin etkisini s\u00fcrd\u00fcrd\u00fc\u011f\u00fc \u00c7ine il\u00e7e giri\u015fi mevkiinde s\u00fcr\u00fcc\u00fcler, g\u00f6r\u00fc\u015f mesafesinin ani \u015fekilde d\u00fc\u015febildi\u011fine dikkat \u00e7ekerek, yol boyunca dikkatli olunmas\u0131 gerekti\u011fini ifade etti.<br \/><\/p>\n","protected":false},"excerpt":{"rendered":"<p>Ayd\u0131n-Mu\u011fla karayolunun \u00c7ine il\u00e7e giri\u015fi mevkiinde etkili olan yo\u011fun sis s\u00fcr\u00fcc\u00fclere zor anlar ya\u015fat\u0131rken, g\u00f6r\u00fc\u015f mesafesinin yer yer ciddi \u015fekilde d\u00fc\u015fmesi nedeniyle trafikte aksamalar ya\u015fan\u0131yor. Sabah saatlerinden itibaren etkisini art\u0131ran sis, \u00f6zellikle \u00c7ine il\u00e7e giri\u015finde g\u00f6r\u00fc\u015f mesafesini \u00f6nemli \u00f6l\u00e7\u00fcde d\u00fc\u015f\u00fcrd\u00fc. Sisin zaman zaman yo\u011funla\u015fmas\u0131yla birlikte s\u00fcr\u00fcc\u00fcler h\u0131zlar\u0131n\u0131 azaltmak zorunda kal\u0131rken, trafik ak\u0131\u015f\u0131nda belirgin bir yava\u015flama&#8230;<\/p>\n","protected":false},"author":1,"featured_media":85215,"comment_status":"open","ping_status":"open","sticky":false,"template":"","format":"standard","meta":{"_crdt_document":"","footnotes":""},"categories":[1],"tags":[],"class_list":["post-85214","post","type-post","status-publish","format-standard","has-post-thumbnail","hentry","category-guncel"],"_links":{"self":[{"href":"https:\/\/www.egemtv.com\/index.php?rest_route=\/wp\/v2\/posts\/85214","targetHints":{"allow":["GET"]}}],"collection":[{"href":"https:\/\/www.egemtv.com\/index.php?rest_route=\/wp\/v2\/posts"}],"about":[{"href":"https:\/\/www.egemtv.com\/index.php?rest_route=\/wp\/v2\/types\/post"}],"author":[{"embeddable":true,"href":"https:\/\/www.egemtv.com\/index.php?rest_route=\/wp\/v2\/users\/1"}],"replies":[{"embeddable":true,"href":"https:\/\/www.egemtv.com\/index.php?rest_route=%2Fwp%2Fv2%2Fcomments&post=85214"}],"version-history":[{"count":1,"href":"https:\/\/www.egemtv.com\/index.php?rest_route=\/wp\/v2\/posts\/85214\/revisions"}],"predecessor-version":[{"id":85216,"href":"https:\/\/www.egemtv.com\/index.php?rest_route=\/wp\/v2\/posts\/85214\/revisions\/85216"}],"wp:featuredmedia":[{"embeddable":true,"href":"https:\/\/www.egemtv.com\/index.php?rest_route=\/wp\/v2\/media\/85215"}],"wp:attachment":[{"href":"https:\/\/www.egemtv.com\/index.php?rest_route=%2Fwp%2Fv2%2Fmedia&parent=85214"}],"wp:term":[{"taxonomy":"category","embeddable":true,"href":"https:\/\/www.egemtv.com\/index.php?rest_route=%2Fwp%2Fv2%2Fcategories&post=85214"},{"taxonomy":"post_tag","embeddable":true,"href":"https:\/\/www.egemtv.com\/index.php?rest_route=%2Fwp%2Fv2%2Ftags&post=85214"}],"curies":[{"name":"wp","href":"https:\/\/api.w.org\/{rel}","templated":true}]}}