{"id":85211,"date":"2026-02-04T09:35:01","date_gmt":"2026-02-04T06:35:01","guid":{"rendered":"https:\/\/www.egemtv.com\/?p=85211"},"modified":"2026-02-04T09:35:02","modified_gmt":"2026-02-04T06:35:02","slug":"kutahya-sehit-selim-cansiz-aihlde-kutuphane-ve-bilisim-sinifi-acildi","status":"publish","type":"post","link":"https:\/\/www.egemtv.com\/?p=85211","title":{"rendered":"K\u00fctahya \u015eehit Selim Cans\u0131z A\u0130HL\u2019de k\u00fct\u00fcphane ve bili\u015fim s\u0131n\u0131f\u0131 a\u00e7\u0131ld\u0131"},"content":{"rendered":"<p>K\u00fctahya \u015eehit Selim Cans\u0131z Anadolu \u0130mam Hatip Lisesinde (A\u0130HL), hay\u0131rseverlerin katk\u0131lar\u0131yla olu\u015fturulan okul k\u00fct\u00fcphanesi ile Bili\u015fim Teknolojileri s\u0131n\u0131f\u0131n\u0131n a\u00e7\u0131l\u0131\u015f\u0131 d\u00fczenlenen programla ger\u00e7ekle\u015ftirildi.<br \/>\n<br \/>Programda konu\u015fan \u0130l Milli E\u011fitim M\u00fcd\u00fcr\u00fc Mustafa Y\u0131lmaz, e\u011fitime yap\u0131lan her yat\u0131r\u0131m\u0131n gelece\u011fe yap\u0131lan en k\u0131ymetli yat\u0131r\u0131m oldu\u011funu vurgulad\u0131. Hay\u0131rsever desteklerinin e\u011fitim ortamlar\u0131n\u0131n g\u00fc\u00e7lendirilmesinde b\u00fcy\u00fck \u00f6nem ta\u015f\u0131d\u0131\u011f\u0131n\u0131 ifade eden Y\u0131lmaz, \u00f6\u011frencilerin daha iyi imk\u00e2nlarla e\u011fitim almas\u0131n\u0131n \u00fclkenin gelece\u011fi a\u00e7\u0131s\u0131ndan b\u00fcy\u00fck de\u011fer ta\u015f\u0131d\u0131\u011f\u0131n\u0131 belirterek eme\u011fi ge\u00e7en herkese te\u015fekk\u00fcr etti.<br \/>\n<br \/>K\u00fct\u00fcphane \u00e7al\u0131\u015fmalar\u0131na \u00f6nc\u00fcl\u00fck eden K\u00fct\u00fcphaneci Zeki Akt\u00fcrk ise T\u00fcrkiye\u2019nin farkl\u0131 b\u00f6lgelerinde \u00f6\u011frencileri kitapla bulu\u015fturmak ve \u015fehitlerin isimlerini ya\u015fatmak amac\u0131yla uzun y\u0131llard\u0131r g\u00f6n\u00fcll\u00fc olarak k\u00fct\u00fcphaneler kurduklar\u0131n\u0131 s\u00f6yledi. \u00d6\u011frencilerin kitapla bulu\u015fmas\u0131n\u0131n kendileri i\u00e7in en b\u00fcy\u00fck mutluluk kayna\u011f\u0131 oldu\u011funu dile getiren Akt\u00fcrk, a\u00e7\u0131l\u0131\u015f\u0131 yap\u0131lan k\u00fct\u00fcphanenin aktif \u015fekilde kullan\u0131lmas\u0131n\u0131 temenni etti.<br \/>\n<br \/>Hay\u0131rsever Muhammed \u0130kbal G\u00fcndem de konu\u015fmas\u0131nda, merhum babas\u0131n\u0131n \u00f6\u011fretmenlik mesle\u011fine uzun y\u0131llar hizmet etti\u011fini ve bir\u00e7ok \u00f6\u011frencinin hayat\u0131na dokundu\u011funu belirterek, onun hat\u0131ras\u0131n\u0131 ya\u015fatmak ve e\u011fitime kal\u0131c\u0131 katk\u0131 sunmak amac\u0131yla projeye destek verdiklerini ifade etti. Okulun ihtiya\u00e7lar\u0131 do\u011frultusunda bili\u015fim teknolojileri alan\u0131na katk\u0131 sa\u011flamaktan memnuniyet duyduklar\u0131n\u0131 belirten G\u00fcndem, projede eme\u011fi ge\u00e7en okul y\u00f6netimine ve t\u00fcm payda\u015flara te\u015fekk\u00fcr etti.<br \/>\n<br \/>Program, te\u015fekk\u00fcr belgeleri ve plaket takdiminin ard\u0131ndan sona erdi.  Programa; e\u011fitim y\u00f6neticileri, okul idarecileri, \u00f6\u011fretmenler, \u00f6\u011frenciler ve davetlilerin yan\u0131 s\u0131ra \u0130l Emniyet M\u00fcd\u00fcr\u00fc Osman Elbir de kat\u0131ld\u0131.<br \/><\/p>\n","protected":false},"excerpt":{"rendered":"<p>K\u00fctahya \u015eehit Selim Cans\u0131z Anadolu \u0130mam Hatip Lisesinde (A\u0130HL), hay\u0131rseverlerin katk\u0131lar\u0131yla olu\u015fturulan okul k\u00fct\u00fcphanesi ile Bili\u015fim Teknolojileri s\u0131n\u0131f\u0131n\u0131n a\u00e7\u0131l\u0131\u015f\u0131 d\u00fczenlenen programla ger\u00e7ekle\u015ftirildi. Programda konu\u015fan \u0130l Milli E\u011fitim M\u00fcd\u00fcr\u00fc Mustafa Y\u0131lmaz, e\u011fitime yap\u0131lan her yat\u0131r\u0131m\u0131n gelece\u011fe yap\u0131lan en k\u0131ymetli yat\u0131r\u0131m oldu\u011funu vurgulad\u0131. Hay\u0131rsever desteklerinin e\u011fitim ortamlar\u0131n\u0131n g\u00fc\u00e7lendirilmesinde b\u00fcy\u00fck \u00f6nem ta\u015f\u0131d\u0131\u011f\u0131n\u0131 ifade eden Y\u0131lmaz, \u00f6\u011frencilerin daha iyi&#8230;<\/p>\n","protected":false},"author":1,"featured_media":85212,"comment_status":"open","ping_status":"open","sticky":false,"template":"","format":"standard","meta":{"_crdt_document":"","footnotes":""},"categories":[1],"tags":[],"class_list":["post-85211","post","type-post","status-publish","format-standard","has-post-thumbnail","hentry","category-guncel"],"_links":{"self":[{"href":"https:\/\/www.egemtv.com\/index.php?rest_route=\/wp\/v2\/posts\/85211","targetHints":{"allow":["GET"]}}],"collection":[{"href":"https:\/\/www.egemtv.com\/index.php?rest_route=\/wp\/v2\/posts"}],"about":[{"href":"https:\/\/www.egemtv.com\/index.php?rest_route=\/wp\/v2\/types\/post"}],"author":[{"embeddable":true,"href":"https:\/\/www.egemtv.com\/index.php?rest_route=\/wp\/v2\/users\/1"}],"replies":[{"embeddable":true,"href":"https:\/\/www.egemtv.com\/index.php?rest_route=%2Fwp%2Fv2%2Fcomments&post=85211"}],"version-history":[{"count":1,"href":"https:\/\/www.egemtv.com\/index.php?rest_route=\/wp\/v2\/posts\/85211\/revisions"}],"predecessor-version":[{"id":85213,"href":"https:\/\/www.egemtv.com\/index.php?rest_route=\/wp\/v2\/posts\/85211\/revisions\/85213"}],"wp:featuredmedia":[{"embeddable":true,"href":"https:\/\/www.egemtv.com\/index.php?rest_route=\/wp\/v2\/media\/85212"}],"wp:attachment":[{"href":"https:\/\/www.egemtv.com\/index.php?rest_route=%2Fwp%2Fv2%2Fmedia&parent=85211"}],"wp:term":[{"taxonomy":"category","embeddable":true,"href":"https:\/\/www.egemtv.com\/index.php?rest_route=%2Fwp%2Fv2%2Fcategories&post=85211"},{"taxonomy":"post_tag","embeddable":true,"href":"https:\/\/www.egemtv.com\/index.php?rest_route=%2Fwp%2Fv2%2Ftags&post=85211"}],"curies":[{"name":"wp","href":"https:\/\/api.w.org\/{rel}","templated":true}]}}