{"id":85208,"date":"2026-02-04T09:35:00","date_gmt":"2026-02-04T06:35:00","guid":{"rendered":"https:\/\/www.egemtv.com\/?p=85208"},"modified":"2026-02-04T09:35:01","modified_gmt":"2026-02-04T06:35:01","slug":"vali-musa-isin-ucim-kutahya-heyetini-kabul-etti","status":"publish","type":"post","link":"https:\/\/www.egemtv.com\/?p=85208","title":{"rendered":"Vali Musa I\u015f\u0131n, UC\u0130M K\u00fctahya heyetini kabul etti"},"content":{"rendered":"<p>K\u00fctahya Valisi Musa I\u015f\u0131n, Saadet \u00d6\u011fretmen \u00c7ocuk \u0130stismar\u0131 ile M\u00fccadele Derne\u011fi (UC\u0130M) K\u00fctahya heyetini Valilik makam\u0131nda kabul etti.<br \/>\n<br \/>Ger\u00e7ekle\u015ftirilen kabulde, \u00e7ocuklar\u0131n korunmas\u0131na y\u00f6nelik y\u00fcr\u00fct\u00fclen \u00e7al\u0131\u015fmalar, e\u011fitim ve fark\u0131ndal\u0131k faaliyetleri ile kurumlar aras\u0131 i\u015f birli\u011fi imk\u00e2nlar\u0131 ele al\u0131nd\u0131. Vali Musa I\u015f\u0131n, \u00e7ocuk istismar\u0131yla m\u00fccadelenin toplumun t\u00fcm kesimlerinin ortak sorumlulu\u011fu oldu\u011funu vurgulayarak, bu alanda y\u00fcr\u00fct\u00fclen \u00e7al\u0131\u015fmalara \u00f6nem verdiklerini ifade etti.<br \/>\n<br \/>Toplant\u0131ya, UC\u0130M K\u00fctahya \u0130l Koordinat\u00f6r\u00fc Elif S\u00fcl\u00fcn, E\u011fitim Koordinat\u00f6r\u00fc \u00c7i\u011fdem \u015eim\u015fek, Hukuk Koordinat\u00f6r\u00fc Av. Halime Yekde\u015f, Proje Koordinat\u00f6r\u00fc U\u011fur B\u00f6cek ile Rehberlik ve Rehabilitasyon Koordinat\u00f6r\u00fc Harun Do\u011fan kat\u0131ld\u0131.<br \/><\/p>\n","protected":false},"excerpt":{"rendered":"<p>K\u00fctahya Valisi Musa I\u015f\u0131n, Saadet \u00d6\u011fretmen \u00c7ocuk \u0130stismar\u0131 ile M\u00fccadele Derne\u011fi (UC\u0130M) K\u00fctahya heyetini Valilik makam\u0131nda kabul etti. Ger\u00e7ekle\u015ftirilen kabulde, \u00e7ocuklar\u0131n korunmas\u0131na y\u00f6nelik y\u00fcr\u00fct\u00fclen \u00e7al\u0131\u015fmalar, e\u011fitim ve fark\u0131ndal\u0131k faaliyetleri ile kurumlar aras\u0131 i\u015f birli\u011fi imk\u00e2nlar\u0131 ele al\u0131nd\u0131. Vali Musa I\u015f\u0131n, \u00e7ocuk istismar\u0131yla m\u00fccadelenin toplumun t\u00fcm kesimlerinin ortak sorumlulu\u011fu oldu\u011funu vurgulayarak, bu alanda y\u00fcr\u00fct\u00fclen \u00e7al\u0131\u015fmalara \u00f6nem&#8230;<\/p>\n","protected":false},"author":1,"featured_media":85209,"comment_status":"open","ping_status":"open","sticky":false,"template":"","format":"standard","meta":{"_crdt_document":"","footnotes":""},"categories":[123],"tags":[],"class_list":["post-85208","post","type-post","status-publish","format-standard","has-post-thumbnail","hentry","category-gundem"],"_links":{"self":[{"href":"https:\/\/www.egemtv.com\/index.php?rest_route=\/wp\/v2\/posts\/85208","targetHints":{"allow":["GET"]}}],"collection":[{"href":"https:\/\/www.egemtv.com\/index.php?rest_route=\/wp\/v2\/posts"}],"about":[{"href":"https:\/\/www.egemtv.com\/index.php?rest_route=\/wp\/v2\/types\/post"}],"author":[{"embeddable":true,"href":"https:\/\/www.egemtv.com\/index.php?rest_route=\/wp\/v2\/users\/1"}],"replies":[{"embeddable":true,"href":"https:\/\/www.egemtv.com\/index.php?rest_route=%2Fwp%2Fv2%2Fcomments&post=85208"}],"version-history":[{"count":1,"href":"https:\/\/www.egemtv.com\/index.php?rest_route=\/wp\/v2\/posts\/85208\/revisions"}],"predecessor-version":[{"id":85210,"href":"https:\/\/www.egemtv.com\/index.php?rest_route=\/wp\/v2\/posts\/85208\/revisions\/85210"}],"wp:featuredmedia":[{"embeddable":true,"href":"https:\/\/www.egemtv.com\/index.php?rest_route=\/wp\/v2\/media\/85209"}],"wp:attachment":[{"href":"https:\/\/www.egemtv.com\/index.php?rest_route=%2Fwp%2Fv2%2Fmedia&parent=85208"}],"wp:term":[{"taxonomy":"category","embeddable":true,"href":"https:\/\/www.egemtv.com\/index.php?rest_route=%2Fwp%2Fv2%2Fcategories&post=85208"},{"taxonomy":"post_tag","embeddable":true,"href":"https:\/\/www.egemtv.com\/index.php?rest_route=%2Fwp%2Fv2%2Ftags&post=85208"}],"curies":[{"name":"wp","href":"https:\/\/api.w.org\/{rel}","templated":true}]}}