{"id":85205,"date":"2026-02-04T09:34:59","date_gmt":"2026-02-04T06:34:59","guid":{"rendered":"https:\/\/www.egemtv.com\/?p=85205"},"modified":"2026-02-04T09:35:00","modified_gmt":"2026-02-04T06:35:00","slug":"adu-rektoru-kent-tayvan-veteriner-hekimlik-ogrencilerini-agirladi","status":"publish","type":"post","link":"https:\/\/www.egemtv.com\/?p=85205","title":{"rendered":"AD\u00dc Rekt\u00f6r\u00fc Kent, Tayvan Veteriner hekimlik \u00f6\u011frencilerini a\u011f\u0131rlad\u0131"},"content":{"rendered":"<p>Ayd\u0131n Adnan Menderes \u00dcniversitesi Rekt\u00f6r\u00fc Prof. Dr. B\u00fclent Kent, \u00fcniversite b\u00fcnyesinde faaliyet g\u00f6steren Uluslararas\u0131 Veteriner \u00d6\u011frencileri Birli\u011fi Ayd\u0131n Toplulu\u011fu (IVSA Ayd\u0131n) taraf\u0131ndan y\u00fcr\u00fct\u00fclen \u00f6\u011frenci de\u011fi\u015fim program\u0131 kapsam\u0131nda Tayvan\u2019dan gelen veteriner fak\u00fcltesi \u00f6\u011frencilerini makam\u0131nda a\u011f\u0131rlad\u0131.<br \/>\n<br \/>D\u00f6rt farkl\u0131 \u00fcniversiteden (National Taiwan University, National Chung Hsing University, National Pingtung University of Science and Technology ve National Chiayi University) gelen toplam sekiz veteriner hekimlik \u00f6\u011frencisinin kat\u0131l\u0131m\u0131yla ger\u00e7ekle\u015ftirilen ziyaret, \u00fcniversitenin uluslararas\u0131la\u015fma vizyonunun \u00f6nemli bir yans\u0131mas\u0131 oldu.<br \/>\n<br \/>Ziyaretin ba\u015flang\u0131c\u0131nda misafir \u00f6\u011frenciler, kendilerini ve \u00fclkelerini tan\u0131tarak Tayvan\u2019daki veteriner hekimlik e\u011fitimi ve k\u00fclt\u00fcrel ya\u015fam hakk\u0131nda k\u0131sa bilgiler payla\u015ft\u0131. Rekt\u00f6r Prof. Dr. B\u00fclent Kent, Ayd\u0131n Adnan Menderes \u00dcniversitesi\u2019nin \u00f6\u011frenci merkezli e\u011fitim anlay\u0131\u015f\u0131 ve uluslararas\u0131 akademik i\u015f birliklerine verdi\u011fi \u00f6neme dikkat \u00e7ekerek, farkl\u0131 \u00fclkelerden gelen \u00f6\u011frencileri \u00fcniversitede a\u011f\u0131rlamaktan duydu\u011fu memnuniyeti dile getirdi. Bu t\u00fcr de\u011fi\u015fim programlar\u0131n\u0131n akademik katk\u0131lar\u0131n yan\u0131 s\u0131ra k\u00fclt\u00fcrleraras\u0131 etkile\u015fimi g\u00fc\u00e7lendirdi\u011fini ve \u00f6\u011frencilerin k\u00fcresel bak\u0131\u015f a\u00e7\u0131lar\u0131n\u0131 geli\u015ftirdi\u011fini ifade etti.<br \/>\n<br \/>Ziyaret kapsam\u0131nda misafir \u00f6\u011frencilere T\u00fcrk k\u00fclt\u00fcr\u00fc tan\u0131t\u0131ld\u0131 ve T\u00fcrk misafirperverli\u011finin simgelerinden biri olan T\u00fcrk kahvesi ikram edildi. \u00d6\u011frenciler, \u00fcniversiteyi yak\u0131ndan tan\u0131ma f\u0131rsat\u0131 buldu.<br \/>\n<br \/>Program s\u0131ras\u0131nda \u00f6\u011frencilerden gelen sorular da yan\u0131tland\u0131. Veteriner hekimli\u011fin gelece\u011fine ili\u015fkin bir soru \u00fczerine Rekt\u00f6r Prof. Dr. B\u00fclent Kent, veteriner hekimli\u011fin yaln\u0131zca hayvan sa\u011fl\u0131\u011f\u0131 ile s\u0131n\u0131rl\u0131 kalmad\u0131\u011f\u0131n\u0131; ara\u015ft\u0131rma, halk sa\u011fl\u0131\u011f\u0131, s\u00fcrd\u00fcr\u00fclebilirlik ve uluslararas\u0131 \u00e7al\u0131\u015fmalarla giderek geni\u015fleyen bir etki alan\u0131na sahip oldu\u011funu vurgulad\u0131. Merak eden, \u00fcreten ve kendini s\u00fcrekli geli\u015ftiren \u00f6\u011frencilerin bu s\u00fcre\u00e7te her zaman bir ad\u0131m \u00f6nde olaca\u011f\u0131n\u0131 belirtti.<br \/>\n<br \/>Ziyarete; Veteriner Fak\u00fcltesi Dekan V. Prof. Dr. Cavit Kum, IVSA Ayd\u0131n \u00d6\u011frenci Toplulu\u011fu Akademik Dan\u0131\u015fman\u0131 Dr. \u00d6\u011fr. \u00dcyesi Cemil \u015eahiner ve IVSA Ayd\u0131n Toplulu\u011fu \u00f6\u011frencileri de kat\u0131ld\u0131.<br \/>\n<br \/>Ayd\u0131n\u2019da 1-10 \u015eubat 2026 tarihleri aras\u0131nda akademik ve k\u00fclt\u00fcrel faaliyetlere kat\u0131lacak olan Tayvanl\u0131 \u00f6\u011frencilerin ard\u0131ndan program\u0131n ikinci aya\u011f\u0131 A\u011fustos ay\u0131nda ger\u00e7ekle\u015ftirilecek. 25 A\u011fustos-3 Eyl\u00fcl 2026 tarihleri aras\u0131nda AD\u00dc Veteriner Fak\u00fcltesi \u00f6\u011frencileri Tayvan\u2019a giderek kar\u015f\u0131l\u0131kl\u0131 \u00f6\u011frenci de\u011fi\u015fim s\u00fcrecini tamamlayacak.<br \/><\/p>\n","protected":false},"excerpt":{"rendered":"<p>Ayd\u0131n Adnan Menderes \u00dcniversitesi Rekt\u00f6r\u00fc Prof. Dr. B\u00fclent Kent, \u00fcniversite b\u00fcnyesinde faaliyet g\u00f6steren Uluslararas\u0131 Veteriner \u00d6\u011frencileri Birli\u011fi Ayd\u0131n Toplulu\u011fu (IVSA Ayd\u0131n) taraf\u0131ndan y\u00fcr\u00fct\u00fclen \u00f6\u011frenci de\u011fi\u015fim program\u0131 kapsam\u0131nda Tayvan\u2019dan gelen veteriner fak\u00fcltesi \u00f6\u011frencilerini makam\u0131nda a\u011f\u0131rlad\u0131. D\u00f6rt farkl\u0131 \u00fcniversiteden (National Taiwan University, National Chung Hsing University, National Pingtung University of Science and Technology ve National Chiayi University)&#8230;<\/p>\n","protected":false},"author":1,"featured_media":85206,"comment_status":"open","ping_status":"open","sticky":false,"template":"","format":"standard","meta":{"_crdt_document":"","footnotes":""},"categories":[1],"tags":[],"class_list":["post-85205","post","type-post","status-publish","format-standard","has-post-thumbnail","hentry","category-guncel"],"_links":{"self":[{"href":"https:\/\/www.egemtv.com\/index.php?rest_route=\/wp\/v2\/posts\/85205","targetHints":{"allow":["GET"]}}],"collection":[{"href":"https:\/\/www.egemtv.com\/index.php?rest_route=\/wp\/v2\/posts"}],"about":[{"href":"https:\/\/www.egemtv.com\/index.php?rest_route=\/wp\/v2\/types\/post"}],"author":[{"embeddable":true,"href":"https:\/\/www.egemtv.com\/index.php?rest_route=\/wp\/v2\/users\/1"}],"replies":[{"embeddable":true,"href":"https:\/\/www.egemtv.com\/index.php?rest_route=%2Fwp%2Fv2%2Fcomments&post=85205"}],"version-history":[{"count":1,"href":"https:\/\/www.egemtv.com\/index.php?rest_route=\/wp\/v2\/posts\/85205\/revisions"}],"predecessor-version":[{"id":85207,"href":"https:\/\/www.egemtv.com\/index.php?rest_route=\/wp\/v2\/posts\/85205\/revisions\/85207"}],"wp:featuredmedia":[{"embeddable":true,"href":"https:\/\/www.egemtv.com\/index.php?rest_route=\/wp\/v2\/media\/85206"}],"wp:attachment":[{"href":"https:\/\/www.egemtv.com\/index.php?rest_route=%2Fwp%2Fv2%2Fmedia&parent=85205"}],"wp:term":[{"taxonomy":"category","embeddable":true,"href":"https:\/\/www.egemtv.com\/index.php?rest_route=%2Fwp%2Fv2%2Fcategories&post=85205"},{"taxonomy":"post_tag","embeddable":true,"href":"https:\/\/www.egemtv.com\/index.php?rest_route=%2Fwp%2Fv2%2Ftags&post=85205"}],"curies":[{"name":"wp","href":"https:\/\/api.w.org\/{rel}","templated":true}]}}