{"id":85199,"date":"2026-02-04T09:15:16","date_gmt":"2026-02-04T06:15:16","guid":{"rendered":"https:\/\/www.egemtv.com\/?p=85199"},"modified":"2026-02-04T09:15:16","modified_gmt":"2026-02-04T06:15:16","slug":"koskte-sap-karantinasi","status":"publish","type":"post","link":"https:\/\/www.egemtv.com\/?p=85199","title":{"rendered":"K\u00f6\u015fk\u2019te \u015fap karantinas\u0131"},"content":{"rendered":"<p>Ayd\u0131n\u2019\u0131n Sultanhisar il\u00e7esinde \u015fap hastal\u0131\u011f\u0131 tespit edilmesinin ard\u0131ndan \u015fap hastal\u0131\u011f\u0131 tedbirleri kapsam\u0131nda K\u00f6\u015fk il\u00e7e mahallelerinde karantina uygulamas\u0131 ba\u015flat\u0131ld\u0131<br \/>\n<br \/>Sultanhisar il\u00e7esinde \u015fap hastal\u0131\u011f\u0131 tespit edilmesinin ard\u0131ndan K\u00f6\u015fk il\u00e7e mahallelerinde karantina uygulamas\u0131 ba\u015flat\u0131ld\u0131. Hayvan giri\u015f ve \u00e7\u0131k\u0131\u015flar\u0131n\u0131n yasakland\u0131\u011f\u0131 b\u00f6lgelerde yaln\u0131zca izinli ve kontroll\u00fc sevk yap\u0131labilecek.<br \/>\n<br \/>K\u00f6\u015fk \u0130l\u00e7e Tar\u0131m ve Orman M\u00fcd\u00fcrl\u00fc\u011f\u00fc, Sultanhisar il\u00e7esinde ve K\u00f6\u015fk yak\u0131nlar\u0131nda \u015fap hastal\u0131\u011f\u0131 vakalar\u0131n\u0131n g\u00f6r\u00fclmesi \u00fczerine geni\u015f kapsaml\u0131 bir karantina karar\u0131 ald\u0131.<br \/>\n<br \/>K\u00f6\u015fk \u0130l\u00e7e Tar\u0131m ve Orman M\u00fcd\u00fcr\u00fc Veysel Ali \u00dcnal; &#8220;Vatanda\u015flar\u0131n hayvan hareketlili\u011fini durdurmalar\u0131 gerekti\u011fini belirterek, salg\u0131n\u0131n yay\u0131lmas\u0131n\u0131 \u00f6nlemek i\u00e7in s\u0131k\u0131 tedbirlerin devreye al\u0131nd\u0131\u011f\u0131n\u0131 vurgulad\u0131. Sultanhisar \u0130l\u00e7esi Kavakl\u0131 Mahallesi\u2019nde B\u00fcy\u00fckba\u015f hayvanlarda \u015eap Hastal\u0131\u011f\u0131 \u00e7\u0131km\u0131\u015f olup; \u0130l\u00e7emiz K\u0131z\u0131lcak\u00f6y, Beyk\u00f6y, Baklak\u00f6y, Karatepe, G\u00fczelk\u00f6y, Uzundere, Yavuzk\u00f6y, Merkez-\u00c7ar\u015f\u0131, Merkez-Serdaro\u011flu, Ovak\u00f6y, Cumadere, K\u0131z\u0131lcak\u00f6y, Merkez-Alt\u0131eyl\u00fcl, Ba\u015f\u00e7ay\u0131r, Merkez-So\u011fukkuyu, Mezek\u00f6y Mahalleleri g\u00f6zetim b\u00f6lgesi i\u00e7inde kalmakta olup karantina tedbirleri gere\u011fi Hayvan hareketleri k\u0131s\u0131tlanm\u0131\u015ft\u0131r&#8221; a\u00e7\u0131klamas\u0131nda bulundu.<br \/><\/p>\n","protected":false},"excerpt":{"rendered":"<p>Ayd\u0131n\u2019\u0131n Sultanhisar il\u00e7esinde \u015fap hastal\u0131\u011f\u0131 tespit edilmesinin ard\u0131ndan \u015fap hastal\u0131\u011f\u0131 tedbirleri kapsam\u0131nda K\u00f6\u015fk il\u00e7e mahallelerinde karantina uygulamas\u0131 ba\u015flat\u0131ld\u0131 Sultanhisar il\u00e7esinde \u015fap hastal\u0131\u011f\u0131 tespit edilmesinin ard\u0131ndan K\u00f6\u015fk il\u00e7e mahallelerinde karantina uygulamas\u0131 ba\u015flat\u0131ld\u0131. Hayvan giri\u015f ve \u00e7\u0131k\u0131\u015flar\u0131n\u0131n yasakland\u0131\u011f\u0131 b\u00f6lgelerde yaln\u0131zca izinli ve kontroll\u00fc sevk yap\u0131labilecek. K\u00f6\u015fk \u0130l\u00e7e Tar\u0131m ve Orman M\u00fcd\u00fcrl\u00fc\u011f\u00fc, Sultanhisar il\u00e7esinde ve K\u00f6\u015fk yak\u0131nlar\u0131nda \u015fap&#8230;<\/p>\n","protected":false},"author":1,"featured_media":85200,"comment_status":"open","ping_status":"open","sticky":false,"template":"","format":"standard","meta":{"_crdt_document":"","footnotes":""},"categories":[1],"tags":[],"class_list":["post-85199","post","type-post","status-publish","format-standard","has-post-thumbnail","hentry","category-guncel"],"_links":{"self":[{"href":"https:\/\/www.egemtv.com\/index.php?rest_route=\/wp\/v2\/posts\/85199","targetHints":{"allow":["GET"]}}],"collection":[{"href":"https:\/\/www.egemtv.com\/index.php?rest_route=\/wp\/v2\/posts"}],"about":[{"href":"https:\/\/www.egemtv.com\/index.php?rest_route=\/wp\/v2\/types\/post"}],"author":[{"embeddable":true,"href":"https:\/\/www.egemtv.com\/index.php?rest_route=\/wp\/v2\/users\/1"}],"replies":[{"embeddable":true,"href":"https:\/\/www.egemtv.com\/index.php?rest_route=%2Fwp%2Fv2%2Fcomments&post=85199"}],"version-history":[{"count":1,"href":"https:\/\/www.egemtv.com\/index.php?rest_route=\/wp\/v2\/posts\/85199\/revisions"}],"predecessor-version":[{"id":85201,"href":"https:\/\/www.egemtv.com\/index.php?rest_route=\/wp\/v2\/posts\/85199\/revisions\/85201"}],"wp:featuredmedia":[{"embeddable":true,"href":"https:\/\/www.egemtv.com\/index.php?rest_route=\/wp\/v2\/media\/85200"}],"wp:attachment":[{"href":"https:\/\/www.egemtv.com\/index.php?rest_route=%2Fwp%2Fv2%2Fmedia&parent=85199"}],"wp:term":[{"taxonomy":"category","embeddable":true,"href":"https:\/\/www.egemtv.com\/index.php?rest_route=%2Fwp%2Fv2%2Fcategories&post=85199"},{"taxonomy":"post_tag","embeddable":true,"href":"https:\/\/www.egemtv.com\/index.php?rest_route=%2Fwp%2Fv2%2Ftags&post=85199"}],"curies":[{"name":"wp","href":"https:\/\/api.w.org\/{rel}","templated":true}]}}