{"id":85196,"date":"2026-02-04T08:34:41","date_gmt":"2026-02-04T05:34:41","guid":{"rendered":"https:\/\/www.egemtv.com\/?p=85196"},"modified":"2026-02-04T08:34:42","modified_gmt":"2026-02-04T05:34:42","slug":"menteseye-inanc-ve-su-temali-yeni-kent-vizyonu","status":"publish","type":"post","link":"https:\/\/www.egemtv.com\/?p=85196","title":{"rendered":"Mente\u015fe\u2019ye \u2018\u0130nan\u00e7 ve su\u2019 temal\u0131 yeni kent vizyonu"},"content":{"rendered":"<p>Mente\u015fe Belediyesi \u015eubat Ay\u0131 Meclis Toplant\u0131s\u0131, Konakalt\u0131 \u0130skender Alper K\u00fclt\u00fcr Merkezi\u2019nde ger\u00e7ekle\u015ftirildi. Toplant\u0131da belediyenin y\u00fcr\u00fctt\u00fc\u011f\u00fc \u00e7al\u0131\u015fmalar hakk\u0131nda kapsaml\u0131 bilgiler veren Mente\u015fe Belediye Ba\u015fkan\u0131 Gonca K\u00f6ksal Aras, kentin tarihi kimli\u011fiyle uyumlu olarak \u015fekillendirilen \u2018\u0130nan\u00e7 ve su\u2019 temal\u0131 yeni kent vizyonunu meclis \u00fcyeleri ve bas\u0131nla payla\u015ft\u0131. Ba\u015fkan K\u00f6ksal Aras, Mente\u015fe\u2019nin kadim k\u00fclt\u00fcrel dokusunu koruyarak b\u00fcy\u00fcmeyi hedeflediklerini belirterek, kenti \u00f6zg\u00fcn de\u011ferleriyle bir \u00e7ekim merkezine d\u00f6n\u00fc\u015ft\u00fcrmeyi ama\u00e7lad\u0131klar\u0131n\u0131 vurgulad\u0131. Bu kapsamda payda\u015flar\u0131 aras\u0131nda yer ald\u0131klar\u0131 Mu\u011fla K\u00fclt\u00fcr Rotas\u0131-Mente\u015fe kitab\u0131n\u0131n, kentin tan\u0131t\u0131m\u0131 a\u00e7\u0131s\u0131ndan \u00f6nemli bir kaynak olu\u015fturdu\u011funu ifade etti.<br \/>\n<br \/>Tarihi alanlarda sokak sa\u011fl\u0131kla\u015ft\u0131rmas\u0131 ba\u015fl\u0131yor<br \/>\n<br \/>Kent merkezinde tarihi dokuyu g\u00f6r\u00fcn\u00fcr k\u0131lacak yeni restorasyon ve sokak sa\u011fl\u0131kla\u015ft\u0131rma projelerinin haz\u0131rland\u0131\u011f\u0131n\u0131 belirten K\u00f6ksal Aras, Arasta b\u00f6lgesi, Ya\u011fc\u0131lar Han\u0131, Kur\u015funlu Meydan\u0131 ve \u00e7evresi ile Turgutreis Caddesi\u2019ni kapsayan \u00e7al\u0131\u015fmalar\u0131n Tarihi Kentler Birli\u011fi i\u015fbirli\u011finde y\u00fcr\u00fct\u00fcld\u00fc\u011f\u00fcn\u00fc s\u00f6yledi. Projelerin teslim edilmesinin ard\u0131ndan uygulama s\u00fcrecinin ba\u015flayaca\u011f\u0131n\u0131 kaydetti.<br \/>\n<br \/>Mente\u015fe\u2019nin kadim kimli\u011fi; inan\u00e7 ve su<br \/>\n<br \/>Yap\u0131lan ara\u015ft\u0131rmalar\u0131n Mu\u011fla\u2019n\u0131n tarih boyunca \u00f6nemli bir inan\u00e7 merkezi oldu\u011funu ortaya koydu\u011funu ifade eden Ba\u015fkan K\u00f6ksal Aras, Mente\u015fe\u2019nin bu y\u00f6n\u00fcn\u00fc suyla b\u00fct\u00fcnle\u015ftiren g\u00fc\u00e7l\u00fc bir anlat\u0131 kurduklar\u0131n\u0131 dile getirdi. 15. y\u00fczy\u0131lda Mevlevili\u011fin kentte derin izler b\u0131rakt\u0131\u011f\u0131n\u0131, \u015eahidi Derg\u00e2h\u0131\u2019n\u0131n bu a\u00e7\u0131dan \u00f6zel bir yere sahip oldu\u011funu belirten K\u00f6ksal Aras, Evliya \u00c7elebi\u2019nin Seyahatnamesi\u2019nde Mu\u011fla\u2019y\u0131 &#8220;ulemalar ve talebeler \u015fehri&#8221; olarak tan\u0131mlad\u0131\u011f\u0131na dikkat \u00e7ekti. Bu tarihi birikimi, Mu\u011fla\u2019ya suyu getiren bilge kad\u0131n \u015eemsi Ana fig\u00fcr\u00fcyle birle\u015ftirdiklerini ifade etti.<br \/>\n<br \/>Dereler, kanyonlar, hamamlar ve Karaba\u011flar Yaylas\u0131\u2019ndaki do\u011fal su kanallar\u0131yla Mente\u015fe\u2019nin adeta bir &#8220;su kenti&#8221; oldu\u011funu vurgulayan K\u00f6ksal Aras, suyun inan\u00e7 k\u00fclt\u00fcr\u00fcndeki ar\u0131nd\u0131r\u0131c\u0131 ve ya\u015fam verici anlam\u0131na dikkat \u00e7ekerek, bundan sonraki projelerde inan\u00e7 ve su temalar\u0131n\u0131n daha g\u00f6r\u00fcn\u00fcr hale getirilece\u011fini s\u00f6yledi.<br \/>\n<br \/>\u0130nan\u00e7 turizmi g\u00fc\u00e7leniyor<br \/>\n<br \/>Bu vizyon do\u011frultusunda inan\u00e7 turizmine y\u00f6nelik \u00e7al\u0131\u015fmalar\u0131n s\u00fcrd\u00fc\u011f\u00fcn\u00fc belirten K\u00f6ksal Aras, Eski kent dokusu i\u00e7erisinde yer alan Azize Meryem Kilisesi\u2019nin  restorasyonuna ba\u015fland\u0131\u011f\u0131n\u0131, ayr\u0131ca T\u00fcccar Hoca Mescidi\u2019nin restorasyonu i\u00e7in Mu\u011fla Valili\u011fi ile g\u00f6r\u00fc\u015fmeler yap\u0131ld\u0131\u011f\u0131n\u0131 aktard\u0131. Yap\u0131lar\u0131n restorasyonlar\u0131n\u0131n tamamlanmas\u0131yla inan\u00e7 turizmine \u00f6nemli katk\u0131 sunaca\u011f\u0131n\u0131 ifade etti.<br \/>\n<br \/>Tarihi \u00e7e\u015fmeler yeniden hayat bulacak<br \/>\n<br \/>Belediyeye ait, k\u00fclt\u00fcr varl\u0131\u011f\u0131 niteli\u011fi ta\u015f\u0131yan iki tarihi \u00e7e\u015fmenin y\u0131llard\u0131r at\u0131l durumda oldu\u011funa dikkat \u00e7eken Ba\u015fkan K\u00f6ksal Aras, Saatli Kule alt\u0131ndaki \u00e7e\u015fme ile \u015ead\u0131rvan ve Kur\u015funlu Camii yak\u0131n\u0131ndaki b\u00fcy\u00fck \u00e7e\u015fmenin restorasyonu i\u00e7in \u00e7al\u0131\u015fmalara ba\u015fland\u0131\u011f\u0131n\u0131 a\u00e7\u0131klad\u0131. R\u00f6l\u00f6ve, restit\u00fcsyon ve restorasyon s\u00fcre\u00e7lerinin B\u00fcy\u00fck\u015fehir Belediyesi uzman ekipleri taraf\u0131ndan y\u00fcr\u00fct\u00fclece\u011fini, MUSK\u0130\u2019nin altyap\u0131 \u00e7al\u0131\u015fmalar\u0131n\u0131 ger\u00e7ekle\u015ftirece\u011fini belirten K\u00f6ksal Aras, bu \u00e7al\u0131\u015fmalarla birlikte \u00e7e\u015fmelerden yeniden su akaca\u011f\u0131n\u0131 s\u00f6yledi.<br \/>\n<br \/>\u015eemsi Ana T\u00fcrbesi restore edilecek<br \/>\n<br \/>\u015eemsi Ana T\u00fcrbesi\u2019nde restorasyon \u00e7al\u0131\u015fmalar\u0131n\u0131n ba\u015flad\u0131\u011f\u0131n\u0131 ifade eden K\u00f6ksal Aras, alan\u0131n herkesin oturup dinlenebilece\u011fi, g\u00fcn\u00fcn her saatinde su sesinin hissedilece\u011fi bir huzur mek\u00e2n\u0131 olarak d\u00fczenlenece\u011fini kaydetti.<br \/>\n<br \/>Cumhuriyet kad\u0131nlar\u0131 kent haf\u0131zas\u0131nda ya\u015fat\u0131lacak<br \/>\n<br \/>Meclis toplant\u0131s\u0131nda ayr\u0131ca Ortak\u00f6y Mahallesi\u2019nde y\u00fcr\u00fct\u00fclen numarataj yenileme \u00e7al\u0131\u015fmalar\u0131 kapsam\u0131nda, cadde ve sokaklara Cumhuriyet tarihine damga vurmu\u015f kad\u0131nlar\u0131n isimlerinin verilmesi \u00f6nerisi ele al\u0131nd\u0131. Konunun \u0130nceleme Komisyonu\u2019na havale edildi\u011fini belirten K\u00f6ksal Aras, Cumhuriyet\u2019in \u00f6nc\u00fc kad\u0131nlar\u0131n\u0131n isimlerini kent belle\u011finde ya\u015fatmay\u0131 \u00f6nemsediklerini ifade etti.<br \/><\/p>\n","protected":false},"excerpt":{"rendered":"<p>Mente\u015fe Belediyesi \u015eubat Ay\u0131 Meclis Toplant\u0131s\u0131, Konakalt\u0131 \u0130skender Alper K\u00fclt\u00fcr Merkezi\u2019nde ger\u00e7ekle\u015ftirildi. Toplant\u0131da belediyenin y\u00fcr\u00fctt\u00fc\u011f\u00fc \u00e7al\u0131\u015fmalar hakk\u0131nda kapsaml\u0131 bilgiler veren Mente\u015fe Belediye Ba\u015fkan\u0131 Gonca K\u00f6ksal Aras, kentin tarihi kimli\u011fiyle uyumlu olarak \u015fekillendirilen \u2018\u0130nan\u00e7 ve su\u2019 temal\u0131 yeni kent vizyonunu meclis \u00fcyeleri ve bas\u0131nla payla\u015ft\u0131. Ba\u015fkan K\u00f6ksal Aras, Mente\u015fe\u2019nin kadim k\u00fclt\u00fcrel dokusunu koruyarak b\u00fcy\u00fcmeyi hedeflediklerini belirterek,&#8230;<\/p>\n","protected":false},"author":1,"featured_media":85197,"comment_status":"open","ping_status":"open","sticky":false,"template":"","format":"standard","meta":{"_crdt_document":"","footnotes":""},"categories":[127],"tags":[],"class_list":["post-85196","post","type-post","status-publish","format-standard","has-post-thumbnail","hentry","category-siyaset"],"_links":{"self":[{"href":"https:\/\/www.egemtv.com\/index.php?rest_route=\/wp\/v2\/posts\/85196","targetHints":{"allow":["GET"]}}],"collection":[{"href":"https:\/\/www.egemtv.com\/index.php?rest_route=\/wp\/v2\/posts"}],"about":[{"href":"https:\/\/www.egemtv.com\/index.php?rest_route=\/wp\/v2\/types\/post"}],"author":[{"embeddable":true,"href":"https:\/\/www.egemtv.com\/index.php?rest_route=\/wp\/v2\/users\/1"}],"replies":[{"embeddable":true,"href":"https:\/\/www.egemtv.com\/index.php?rest_route=%2Fwp%2Fv2%2Fcomments&post=85196"}],"version-history":[{"count":1,"href":"https:\/\/www.egemtv.com\/index.php?rest_route=\/wp\/v2\/posts\/85196\/revisions"}],"predecessor-version":[{"id":85198,"href":"https:\/\/www.egemtv.com\/index.php?rest_route=\/wp\/v2\/posts\/85196\/revisions\/85198"}],"wp:featuredmedia":[{"embeddable":true,"href":"https:\/\/www.egemtv.com\/index.php?rest_route=\/wp\/v2\/media\/85197"}],"wp:attachment":[{"href":"https:\/\/www.egemtv.com\/index.php?rest_route=%2Fwp%2Fv2%2Fmedia&parent=85196"}],"wp:term":[{"taxonomy":"category","embeddable":true,"href":"https:\/\/www.egemtv.com\/index.php?rest_route=%2Fwp%2Fv2%2Fcategories&post=85196"},{"taxonomy":"post_tag","embeddable":true,"href":"https:\/\/www.egemtv.com\/index.php?rest_route=%2Fwp%2Fv2%2Ftags&post=85196"}],"curies":[{"name":"wp","href":"https:\/\/api.w.org\/{rel}","templated":true}]}}