{"id":85193,"date":"2026-02-04T08:34:40","date_gmt":"2026-02-04T05:34:40","guid":{"rendered":"https:\/\/www.egemtv.com\/?p=85193"},"modified":"2026-02-04T08:34:41","modified_gmt":"2026-02-04T05:34:41","slug":"vali-akbiyik-baskanliginda-okul-guvenligi-toplantisi-yapildi","status":"publish","type":"post","link":"https:\/\/www.egemtv.com\/?p=85193","title":{"rendered":"Vali Akb\u0131y\u0131k ba\u015fkanl\u0131\u011f\u0131nda \u2018Okul G\u00fcvenli\u011fi\u2019 toplant\u0131s\u0131 yap\u0131ld\u0131"},"content":{"rendered":"<p>2025-2026 e\u011fitim ve \u00f6\u011fretim y\u0131l\u0131n\u0131n ikinci d\u00f6neminin ilk haftas\u0131 i\u00e7inde Mu\u011fla Valisi Dr. \u0130ris Akb\u0131y\u0131k ba\u015fkanl\u0131\u011f\u0131nda okul g\u00fcvenli\u011fi toplant\u0131s\u0131 ger\u00e7ekle\u015ftirildi. \u0130lgili kurumlar\u0131n kat\u0131ld\u0131\u011f\u0131 toplant\u0131da \u00f6\u011frencilerin g\u00fcvenli\u011fi ve \u00f6zellikle okul \u00e7evresi asayi\u015f \u00f6nlemleri ele al\u0131nd\u0131.<br \/>\n<br \/>Mu\u011fla Valili\u011fi Vali \u00d6zer T\u00fcrk toplant\u0131 salonunda ger\u00e7ekle\u015fen toplant\u0131da; okullar\u0131n ve \u00f6\u011frencilerin g\u00fcvenli\u011fi, ba\u011f\u0131ml\u0131l\u0131kla m\u00fccadele, e\u011fitim kalitesinin artt\u0131r\u0131lmas\u0131, okul servis ara\u00e7lar\u0131n\u0131n ve internet kafelerin denetimi, okul \u00e7evrelerinde asayi\u015fin temini ve trafik g\u00fcvenli\u011fine ili\u015fkin al\u0131nan ve al\u0131nacak olan tedbirler g\u00f6r\u00fc\u015f\u00fcld\u00fc. ilave tedbirler ile payda\u015f kurumlarla birlikte y\u00fcr\u00fct\u00fclecek ortak \u00e7al\u0131\u015fmalar ele al\u0131nd\u0131.<br \/><\/p>\n","protected":false},"excerpt":{"rendered":"<p>2025-2026 e\u011fitim ve \u00f6\u011fretim y\u0131l\u0131n\u0131n ikinci d\u00f6neminin ilk haftas\u0131 i\u00e7inde Mu\u011fla Valisi Dr. \u0130ris Akb\u0131y\u0131k ba\u015fkanl\u0131\u011f\u0131nda okul g\u00fcvenli\u011fi toplant\u0131s\u0131 ger\u00e7ekle\u015ftirildi. \u0130lgili kurumlar\u0131n kat\u0131ld\u0131\u011f\u0131 toplant\u0131da \u00f6\u011frencilerin g\u00fcvenli\u011fi ve \u00f6zellikle okul \u00e7evresi asayi\u015f \u00f6nlemleri ele al\u0131nd\u0131. Mu\u011fla Valili\u011fi Vali \u00d6zer T\u00fcrk toplant\u0131 salonunda ger\u00e7ekle\u015fen toplant\u0131da; okullar\u0131n ve \u00f6\u011frencilerin g\u00fcvenli\u011fi, ba\u011f\u0131ml\u0131l\u0131kla m\u00fccadele, e\u011fitim kalitesinin artt\u0131r\u0131lmas\u0131, okul servis ara\u00e7lar\u0131n\u0131n&#8230;<\/p>\n","protected":false},"author":1,"featured_media":85194,"comment_status":"open","ping_status":"open","sticky":false,"template":"","format":"standard","meta":{"_crdt_document":"","footnotes":""},"categories":[1],"tags":[],"class_list":["post-85193","post","type-post","status-publish","format-standard","has-post-thumbnail","hentry","category-guncel"],"_links":{"self":[{"href":"https:\/\/www.egemtv.com\/index.php?rest_route=\/wp\/v2\/posts\/85193","targetHints":{"allow":["GET"]}}],"collection":[{"href":"https:\/\/www.egemtv.com\/index.php?rest_route=\/wp\/v2\/posts"}],"about":[{"href":"https:\/\/www.egemtv.com\/index.php?rest_route=\/wp\/v2\/types\/post"}],"author":[{"embeddable":true,"href":"https:\/\/www.egemtv.com\/index.php?rest_route=\/wp\/v2\/users\/1"}],"replies":[{"embeddable":true,"href":"https:\/\/www.egemtv.com\/index.php?rest_route=%2Fwp%2Fv2%2Fcomments&post=85193"}],"version-history":[{"count":1,"href":"https:\/\/www.egemtv.com\/index.php?rest_route=\/wp\/v2\/posts\/85193\/revisions"}],"predecessor-version":[{"id":85195,"href":"https:\/\/www.egemtv.com\/index.php?rest_route=\/wp\/v2\/posts\/85193\/revisions\/85195"}],"wp:featuredmedia":[{"embeddable":true,"href":"https:\/\/www.egemtv.com\/index.php?rest_route=\/wp\/v2\/media\/85194"}],"wp:attachment":[{"href":"https:\/\/www.egemtv.com\/index.php?rest_route=%2Fwp%2Fv2%2Fmedia&parent=85193"}],"wp:term":[{"taxonomy":"category","embeddable":true,"href":"https:\/\/www.egemtv.com\/index.php?rest_route=%2Fwp%2Fv2%2Fcategories&post=85193"},{"taxonomy":"post_tag","embeddable":true,"href":"https:\/\/www.egemtv.com\/index.php?rest_route=%2Fwp%2Fv2%2Ftags&post=85193"}],"curies":[{"name":"wp","href":"https:\/\/api.w.org\/{rel}","templated":true}]}}