{"id":85148,"date":"2026-02-03T17:14:56","date_gmt":"2026-02-03T14:14:56","guid":{"rendered":"https:\/\/www.egemtv.com\/?p=85148"},"modified":"2026-02-03T17:14:56","modified_gmt":"2026-02-03T14:14:56","slug":"soke-belediyesine-15-tonluk-ekskavator","status":"publish","type":"post","link":"https:\/\/www.egemtv.com\/?p=85148","title":{"rendered":"S\u00f6ke Belediyesi\u2019ne 15 tonluk ekskavat\u00f6r"},"content":{"rendered":"<p>S\u00f6ke Belediyesi, ara\u00e7 filosunu g\u00fc\u00e7lendirmeye devam ediyor. \u00c7evre, \u015eehircilik ve \u0130klim De\u011fi\u015fikli\u011fi Bakanl\u0131\u011f\u0131 \u00c7evre Y\u00f6netimi Genel M\u00fcd\u00fcrl\u00fc\u011f\u00fc taraf\u0131ndan hibe edilen 15 tonluk lastikli ekskavat\u00f6r, belediye envanterine kazand\u0131r\u0131ld\u0131.<\/p>\n<p>Piyasa de\u011feri 8 milyon 150 bin TL olan i\u015f makinesi, tamamen hibe yoluyla S\u00f6ke Belediyesi\u2019ne teslim edilirken, makineye al\u0131nacak ilave ata\u015fmanlarla birlikte toplam yat\u0131r\u0131m tutar\u0131 10 milyon TL\u2019ye ula\u015facak.<\/p>\n<p>S\u00f6ke Belediye Ba\u015fkan\u0131 Dr. Mustafa \u0130berya Ar\u0131kan, g\u00f6reve geldi\u011fi g\u00fcnden bu yana belediyenin ara\u00e7 park\u0131n\u0131 g\u00fc\u00e7lendirmeye y\u00f6nelik ad\u0131mlar\u0131na bir yenisini daha ekleyerek, \u00f6nemli bir mali y\u00fck\u00fc belediye b\u00fct\u00e7esine yans\u0131tmadan kazand\u0131rm\u0131\u015f oldu. Ba\u015fkan Ar\u0131kan i\u015f makinesinin S\u00f6ke Belediyesi\u2019ne kazand\u0131r\u0131lmas\u0131nda destek veren, ba\u015fta \u00c7evre \u015eehircilik ve \u0130klim De\u011fi\u015fikli\u011fi Bakan\u0131 Murat Kurum olmak \u00fczere AK Parti Ayd\u0131n Milletvekillerine, \u0130l ve \u0130l\u00e7e Y\u00f6netim Kurulu \u00dcyelerine te\u015fekk\u00fcr etti.<\/p>\n<p>S\u00f6ke Belediyesi Fen \u0130\u015fleri M\u00fcd\u00fcrl\u00fc\u011f\u00fc b\u00fcnyesinde kullan\u0131lacak yeni ekskavat\u00f6r; altyap\u0131 \u00e7al\u0131\u015fmalar\u0131, yol bak\u0131m-onar\u0131m faaliyetleri, \u00e7evre d\u00fczenlemeleri ve acil m\u00fcdahale gerektiren durumlarda etkin \u015fekilde kullan\u0131lacak. Ata\u015fmanlarla birlikte \u00e7ok ama\u00e7l\u0131 hale getirilecek olan i\u015f makinesi, belediyenin saha g\u00fcc\u00fcn\u00fc ve hizmet kapasitesini \u00f6nemli \u00f6l\u00e7\u00fcde art\u0131racak.<br \/><\/p>\n","protected":false},"excerpt":{"rendered":"<p>S\u00f6ke Belediyesi, ara\u00e7 filosunu g\u00fc\u00e7lendirmeye devam ediyor. \u00c7evre, \u015eehircilik ve \u0130klim De\u011fi\u015fikli\u011fi Bakanl\u0131\u011f\u0131 \u00c7evre Y\u00f6netimi Genel M\u00fcd\u00fcrl\u00fc\u011f\u00fc taraf\u0131ndan hibe edilen 15 tonluk lastikli ekskavat\u00f6r, belediye envanterine kazand\u0131r\u0131ld\u0131. Piyasa de\u011feri 8 milyon 150 bin TL olan i\u015f makinesi, tamamen hibe yoluyla S\u00f6ke Belediyesi\u2019ne teslim edilirken, makineye al\u0131nacak ilave ata\u015fmanlarla birlikte toplam yat\u0131r\u0131m tutar\u0131 10 milyon TL\u2019ye&#8230;<\/p>\n","protected":false},"author":1,"featured_media":85149,"comment_status":"open","ping_status":"open","sticky":false,"template":"","format":"standard","meta":{"_crdt_document":"","footnotes":""},"categories":[127],"tags":[],"class_list":["post-85148","post","type-post","status-publish","format-standard","has-post-thumbnail","hentry","category-siyaset"],"_links":{"self":[{"href":"https:\/\/www.egemtv.com\/index.php?rest_route=\/wp\/v2\/posts\/85148","targetHints":{"allow":["GET"]}}],"collection":[{"href":"https:\/\/www.egemtv.com\/index.php?rest_route=\/wp\/v2\/posts"}],"about":[{"href":"https:\/\/www.egemtv.com\/index.php?rest_route=\/wp\/v2\/types\/post"}],"author":[{"embeddable":true,"href":"https:\/\/www.egemtv.com\/index.php?rest_route=\/wp\/v2\/users\/1"}],"replies":[{"embeddable":true,"href":"https:\/\/www.egemtv.com\/index.php?rest_route=%2Fwp%2Fv2%2Fcomments&post=85148"}],"version-history":[{"count":1,"href":"https:\/\/www.egemtv.com\/index.php?rest_route=\/wp\/v2\/posts\/85148\/revisions"}],"predecessor-version":[{"id":85150,"href":"https:\/\/www.egemtv.com\/index.php?rest_route=\/wp\/v2\/posts\/85148\/revisions\/85150"}],"wp:featuredmedia":[{"embeddable":true,"href":"https:\/\/www.egemtv.com\/index.php?rest_route=\/wp\/v2\/media\/85149"}],"wp:attachment":[{"href":"https:\/\/www.egemtv.com\/index.php?rest_route=%2Fwp%2Fv2%2Fmedia&parent=85148"}],"wp:term":[{"taxonomy":"category","embeddable":true,"href":"https:\/\/www.egemtv.com\/index.php?rest_route=%2Fwp%2Fv2%2Fcategories&post=85148"},{"taxonomy":"post_tag","embeddable":true,"href":"https:\/\/www.egemtv.com\/index.php?rest_route=%2Fwp%2Fv2%2Ftags&post=85148"}],"curies":[{"name":"wp","href":"https:\/\/api.w.org\/{rel}","templated":true}]}}