{"id":85145,"date":"2026-02-03T17:14:55","date_gmt":"2026-02-03T14:14:55","guid":{"rendered":"https:\/\/www.egemtv.com\/?p=85145"},"modified":"2026-02-03T17:14:55","modified_gmt":"2026-02-03T14:14:55","slug":"avrupanin-dev-tarim-fuari-agroexpo-izmirde-kapilarini-acti","status":"publish","type":"post","link":"https:\/\/www.egemtv.com\/?p=85145","title":{"rendered":"Avrupa\u2019n\u0131n dev tar\u0131m fuar\u0131 Agroexpo \u0130zmir\u2019de kap\u0131lar\u0131n\u0131 a\u00e7t\u0131"},"content":{"rendered":"<p>T\u00fcrkiye\u2019nin en b\u00fcy\u00fck, Avrupa\u2019n\u0131n ise 4 b\u00fcy\u00fck tar\u0131m fuar\u0131ndan biri olan 21\u2019inci Agroexpo Uluslararas\u0131 Tar\u0131m ve Hayvanc\u0131l\u0131k Fuar\u0131, \u2018Hayat Veren Su\u2019 temas\u0131yla kap\u0131lar\u0131n\u0131 ziyaret\u00e7ilere a\u00e7t\u0131. A\u00e7\u0131l\u0131\u015fta konu\u015fan \u0130zmir B\u00fcy\u00fck\u015fehir Belediye Ba\u015fkan\u0131 Cemil Tugay, \u00fcreticiye verilen deste\u011fin art\u0131r\u0131laca\u011f\u0131n\u0131 belirterek, &#8220;2026 y\u0131l\u0131 i\u00e7in deste\u011fi 1 milyar liraya \u00e7\u0131karaca\u011f\u0131m\u0131z\u0131 vaat etmi\u015ftim. Ancak \u00f6n\u00fcm\u00fczdeki s\u00fcre\u00e7te bu rakam\u0131 1,5 milyar liraya \u00e7\u0131karaca\u011f\u0131z&#8221; dedi.<br \/>\n<br \/>T\u00fcrkiye\u2019nin en b\u00fcy\u00fck, Avrupa\u2019n\u0131n ise 4 b\u00fcy\u00fck tar\u0131m fuar\u0131ndan biri olan 21\u2019inci Agroexpo Uluslararas\u0131 Tar\u0131m ve Hayvanc\u0131l\u0131k Fuar\u0131, 110 bin metrekarelik alanda kap\u0131lar\u0131n\u0131 ziyaret\u00e7ilere a\u00e7t\u0131. 15 hol\u00fcn tamam\u0131n\u0131 kapsayan ve \u2018Hayat Veren Su\u2019 temas\u0131yla d\u00fczenlenen fuarda; 120\u2019si yabanc\u0131 olmak \u00fczere toplam 520 firma yer al\u0131rken, organizasyonun 150 bin ziyaret\u00e7iyi a\u011f\u0131rlamas\u0131 hedefleniyor. T\u00f6rende konu\u015fan \u0130zmir B\u00fcy\u00fck\u015fehir Belediye Ba\u015fkan\u0131 Cemil Tugay, \u0130zmir\u2019in tar\u0131msal k\u00f6klerine ve fuarc\u0131l\u0131k vizyonuna dikkat \u00e7ekti. 110 bin metrekarelik kapal\u0131 alanda, 15 hol\u00fcn tamam\u0131n\u0131 kapsayan b\u00fcy\u00fck bir organizasyon ger\u00e7ekle\u015ftirdiklerini belirten Tugay, &#8220;Ge\u00e7ti\u011fimiz y\u0131l 120 binin \u00fczerinde ziyaret\u00e7inin kat\u0131ld\u0131\u011f\u0131 fuar\u0131m\u0131zda, bu y\u0131l 120\u2019si yabanc\u0131 olmak \u00fczere toplam 520 firmay\u0131 ve en az 150 bin ziyaret\u00e7iyi a\u011f\u0131rlamay\u0131 hedefliyoruz&#8221; ifadelerini kulland\u0131.<\/p>\n<p>&#8220;T\u00fcrkiye\u2019deki 240 g\u00f6lden 186\u2019s\u0131 kurudu&#8221;<br \/>\n<br \/>K\u00fcresel iklim krizi ve su sorunuyla ilgili veriler payla\u015fan Ba\u015fkan Tugay, d\u00fcnyan\u0131n zorunlu bir d\u00f6n\u00fc\u015f\u00fcm s\u00fcrecinden ge\u00e7ti\u011fini vurgulad\u0131. Bilim insanlar\u0131n\u0131n gezegenin 1 derecelik \u0131s\u0131nmas\u0131n\u0131n temel tar\u0131m \u00fcr\u00fcnlerinde y\u00fczde 10 verim kayb\u0131na yol a\u00e7aca\u011f\u0131 uyar\u0131s\u0131nda bulundu\u011funu hat\u0131rlatan Tugay, s\u00f6zlerini \u015f\u00f6yle s\u00fcrd\u00fcrd\u00fc:<br \/>\n<br \/>&#8220;\u015eehrimiz yaz boyunca, yakla\u015f\u0131k 5 ay s\u00fcreyle tek bir damla ya\u011f\u0131\u015f almad\u0131. Son 60 y\u0131lda \u00fclkemizdeki 240 g\u00f6lden 186\u2019s\u0131 tamamen kurumu\u015f durumdad\u0131r. 240 g\u00f6l\u00fcn 186\u2019s\u0131n\u0131n kurudu\u011fu bir \u00fclkede ya\u015fad\u0131\u011f\u0131m\u0131z ger\u00e7e\u011fini herkesin hat\u0131rlamas\u0131 gerekmektedir. Geriye kalan g\u00f6ller de hem seviye kaybetmekte hem de kirlilik tehdidiyle y\u00fczle\u015fmektedir.&#8221;<\/p>\n<p>\u00dcreticiye 1,5 milyar liral\u0131k destek mesaj\u0131<br \/>\n<br \/>K\u0131rsal kalk\u0131nma ve gen\u00e7 \u00e7ift\u00e7i sorununa de\u011finen Tugay, \u0130zmir B\u00fcy\u00fck\u015fehir Belediyesi\u2019nin \u00fcreticiye sa\u011flad\u0131\u011f\u0131 destekleri art\u0131rma karar\u0131 ald\u0131klar\u0131n\u0131 duyurdu. 21 ayda \u00fcreticilere 694 milyon liral\u0131k destek sa\u011flad\u0131klar\u0131n\u0131 belirten Tugay, &#8220;2026 y\u0131l\u0131 i\u00e7in bu deste\u011fi 1 milyar liraya \u00e7\u0131karaca\u011f\u0131m\u0131z\u0131 vaat etmi\u015ftim ve bu s\u00f6z\u00fcn arkas\u0131nday\u0131m. Ancak \u00f6n\u00fcm\u00fczdeki s\u00fcre\u00e7te bu rakam\u0131 1,5 milyar liraya \u00e7\u0131karaca\u011f\u0131z; \u00e7\u00fcnk\u00fc \u00fcreticimizin daha fazlas\u0131n\u0131 hak etti\u011fini d\u00fc\u015f\u00fcn\u00fcyorum. \u00c7ift\u00e7imizi ve \u00fcreticimizi asla yaln\u0131z b\u0131rakmayaca\u011f\u0131z.&#8221; \u015feklinde konu\u015ftu.<\/p>\n<p>&#8220;Vah\u015fi sulama al\u0131\u015fkanl\u0131klar\u0131n\u0131 tarihe g\u00f6mmek zorunday\u0131z&#8221;<br \/>\n<br \/>Orion Fuarc\u0131l\u0131k A.\u015e. Y\u00f6netim Kurulu Ba\u015fkan\u0131 Fatih Tan ise fuar\u0131n bu y\u0131lki temas\u0131n\u0131n \u2019Hayat Veren Su\u2019 olarak belirlenmesinin bir zorunluluk oldu\u011funu vurgulad\u0131. Topra\u011f\u0131n ana, suyun ise hayat kayna\u011f\u0131 oldu\u011funu belirten Tan, &#8220;Su yoksa tohumun, g\u00fcbrenin, en son teknolojik trakt\u00f6r\u00fcn ya da geneti\u011fi iyile\u015ftirilmi\u015f fidan\u0131n hi\u00e7bir anlam\u0131 yoktur.&#8221; dedi.<br \/>\n<br \/>Tar\u0131m sekt\u00f6r\u00fcn\u00fcn suyu y\u00f6netememesi halinde gelece\u011fi y\u00f6netemeyece\u011fine dikkat \u00e7eken Tan, \u015fu de\u011ferlendirmelerde bulundu:<br \/>\n<br \/>&#8220;Y\u0131llarca s\u00fcregelen vah\u015fi sulama al\u0131\u015fkanl\u0131klar\u0131m\u0131z\u0131 art\u0131k tarihe g\u00f6mmek zorunday\u0131z. Topra\u011f\u0131 suya bo\u011farak de\u011fil, bitkinin ihtiyac\u0131 olan suyu en hassas teknolojiyle ona ula\u015ft\u0131rarak verim alabiliriz. Fuarda yer alan teknolojiler; topra\u011f\u0131n nemini \u00f6l\u00e7en sens\u00f6rlerden damla sulama sistemlerine, yapay zeka destekli otonom sulama robotlar\u0131na kadar geni\u015f bir yelpazeyi kapsamaktad\u0131r. Amac\u0131m\u0131z, \u00e7ift\u00e7imizin bir damla suyu bile ziyan etmeden maksimum verime ula\u015fmas\u0131n\u0131 sa\u011flamakt\u0131r.&#8221;<\/p>\n<p>Fuar \u0130zmir\u2019de ger\u00e7ekle\u015ftirilen a\u00e7\u0131l\u0131\u015f t\u00f6renine \u0130zmir B\u00fcy\u00fck\u015fehir Belediye Ba\u015fkan\u0131 Cemil Tugay\u2019\u0131n yan\u0131 s\u0131ra; \u0130zmir Ziraat Odas\u0131 Ba\u015fkan\u0131 \u0130brahim Erdall\u0131, Orion Fuarc\u0131l\u0131k Y\u00f6netim Kurulu Ba\u015fkan\u0131 Fatih Tan, \u0130zmir Ticaret Odas\u0131 Meclis Ba\u015fkan\u0131 Selami \u00d6zpoyraz, belediye ba\u015fkanlar\u0131 ve \u00e7ok say\u0131da sekt\u00f6r temsilcisi kat\u0131ld\u0131.<br \/><\/p>\n","protected":false},"excerpt":{"rendered":"<p>T\u00fcrkiye\u2019nin en b\u00fcy\u00fck, Avrupa\u2019n\u0131n ise 4 b\u00fcy\u00fck tar\u0131m fuar\u0131ndan biri olan 21\u2019inci Agroexpo Uluslararas\u0131 Tar\u0131m ve Hayvanc\u0131l\u0131k Fuar\u0131, \u2018Hayat Veren Su\u2019 temas\u0131yla kap\u0131lar\u0131n\u0131 ziyaret\u00e7ilere a\u00e7t\u0131. A\u00e7\u0131l\u0131\u015fta konu\u015fan \u0130zmir B\u00fcy\u00fck\u015fehir Belediye Ba\u015fkan\u0131 Cemil Tugay, \u00fcreticiye verilen deste\u011fin art\u0131r\u0131laca\u011f\u0131n\u0131 belirterek, &#8220;2026 y\u0131l\u0131 i\u00e7in deste\u011fi 1 milyar liraya \u00e7\u0131karaca\u011f\u0131m\u0131z\u0131 vaat etmi\u015ftim. Ancak \u00f6n\u00fcm\u00fczdeki s\u00fcre\u00e7te bu rakam\u0131 1,5 milyar&#8230;<\/p>\n","protected":false},"author":1,"featured_media":85146,"comment_status":"open","ping_status":"open","sticky":false,"template":"","format":"standard","meta":{"_crdt_document":"","footnotes":""},"categories":[125],"tags":[],"class_list":["post-85145","post","type-post","status-publish","format-standard","has-post-thumbnail","hentry","category-ekonomi"],"_links":{"self":[{"href":"https:\/\/www.egemtv.com\/index.php?rest_route=\/wp\/v2\/posts\/85145","targetHints":{"allow":["GET"]}}],"collection":[{"href":"https:\/\/www.egemtv.com\/index.php?rest_route=\/wp\/v2\/posts"}],"about":[{"href":"https:\/\/www.egemtv.com\/index.php?rest_route=\/wp\/v2\/types\/post"}],"author":[{"embeddable":true,"href":"https:\/\/www.egemtv.com\/index.php?rest_route=\/wp\/v2\/users\/1"}],"replies":[{"embeddable":true,"href":"https:\/\/www.egemtv.com\/index.php?rest_route=%2Fwp%2Fv2%2Fcomments&post=85145"}],"version-history":[{"count":1,"href":"https:\/\/www.egemtv.com\/index.php?rest_route=\/wp\/v2\/posts\/85145\/revisions"}],"predecessor-version":[{"id":85147,"href":"https:\/\/www.egemtv.com\/index.php?rest_route=\/wp\/v2\/posts\/85145\/revisions\/85147"}],"wp:featuredmedia":[{"embeddable":true,"href":"https:\/\/www.egemtv.com\/index.php?rest_route=\/wp\/v2\/media\/85146"}],"wp:attachment":[{"href":"https:\/\/www.egemtv.com\/index.php?rest_route=%2Fwp%2Fv2%2Fmedia&parent=85145"}],"wp:term":[{"taxonomy":"category","embeddable":true,"href":"https:\/\/www.egemtv.com\/index.php?rest_route=%2Fwp%2Fv2%2Fcategories&post=85145"},{"taxonomy":"post_tag","embeddable":true,"href":"https:\/\/www.egemtv.com\/index.php?rest_route=%2Fwp%2Fv2%2Ftags&post=85145"}],"curies":[{"name":"wp","href":"https:\/\/api.w.org\/{rel}","templated":true}]}}