{"id":85142,"date":"2026-02-03T17:14:53","date_gmt":"2026-02-03T14:14:53","guid":{"rendered":"https:\/\/www.egemtv.com\/?p=85142"},"modified":"2026-02-03T17:14:54","modified_gmt":"2026-02-03T14:14:54","slug":"cekiciden-savrulan-kamyon-sarampole-uctu","status":"publish","type":"post","link":"https:\/\/www.egemtv.com\/?p=85142","title":{"rendered":"\u00c7ekiciden savrulan kamyon \u015farampole u\u00e7tu"},"content":{"rendered":"<p>Manisa\u2019n\u0131n Salihli il\u00e7esinde \u00e7ekiciye ba\u011fl\u0131 kamyonun savrularak yol kenar\u0131ndaki \u015farampole u\u00e7mas\u0131 sonucu meydana gelen kazada 1 ki\u015fi yaraland\u0131.<br \/>\n<br \/>Kaza, Salihli-Ala\u015fehir karayolu Beylikli Mahallesi mevkiinde meydana geldi. Edinilen bilgilere g\u00f6re, G.C. (36) y\u00f6netimindeki 45 AOM 128 plakal\u0131 \u00e7ekici, S.H.B.\u2019nin (21) i\u00e7inde bulundu\u011fu 45 G 80748 plakal\u0131 kamyonu \u00e7ekti\u011fi esnada hen\u00fcz belirlenemeyen bir nedenle \u00e7ekiciye ba\u011fl\u0131 kamyon savrularak yol kenar\u0131ndaki \u015farampole u\u00e7tu.<br \/>\n<br \/>Kazada kamyon hurdaya d\u00f6nerken, ara\u00e7ta bulunan S.H.B. yaraland\u0131. \u0130hbar \u00fczerine olay yerine sa\u011fl\u0131k ve polis ekipleri sevk edildi. Yaral\u0131, olay yerindeki ilk m\u00fcdahalenin ard\u0131ndan ambulansla Salihli Devlet Hastanesi\u2019ne kald\u0131r\u0131ld\u0131.<br \/>\n<br \/>Yaral\u0131n\u0131n hayati tehlikesinin bulunmad\u0131\u011f\u0131 \u00f6\u011frenilirken, kazayla ilgili soru\u015fturma ba\u015flat\u0131ld\u0131.<br \/><\/p>\n","protected":false},"excerpt":{"rendered":"<p>Manisa\u2019n\u0131n Salihli il\u00e7esinde \u00e7ekiciye ba\u011fl\u0131 kamyonun savrularak yol kenar\u0131ndaki \u015farampole u\u00e7mas\u0131 sonucu meydana gelen kazada 1 ki\u015fi yaraland\u0131. Kaza, Salihli-Ala\u015fehir karayolu Beylikli Mahallesi mevkiinde meydana geldi. Edinilen bilgilere g\u00f6re, G.C. (36) y\u00f6netimindeki 45 AOM 128 plakal\u0131 \u00e7ekici, S.H.B.\u2019nin (21) i\u00e7inde bulundu\u011fu 45 G 80748 plakal\u0131 kamyonu \u00e7ekti\u011fi esnada hen\u00fcz belirlenemeyen bir nedenle \u00e7ekiciye ba\u011fl\u0131 kamyon&#8230;<\/p>\n","protected":false},"author":1,"featured_media":85143,"comment_status":"open","ping_status":"open","sticky":false,"template":"","format":"standard","meta":{"_crdt_document":"","footnotes":""},"categories":[5],"tags":[],"class_list":["post-85142","post","type-post","status-publish","format-standard","has-post-thumbnail","hentry","category-asayis"],"_links":{"self":[{"href":"https:\/\/www.egemtv.com\/index.php?rest_route=\/wp\/v2\/posts\/85142","targetHints":{"allow":["GET"]}}],"collection":[{"href":"https:\/\/www.egemtv.com\/index.php?rest_route=\/wp\/v2\/posts"}],"about":[{"href":"https:\/\/www.egemtv.com\/index.php?rest_route=\/wp\/v2\/types\/post"}],"author":[{"embeddable":true,"href":"https:\/\/www.egemtv.com\/index.php?rest_route=\/wp\/v2\/users\/1"}],"replies":[{"embeddable":true,"href":"https:\/\/www.egemtv.com\/index.php?rest_route=%2Fwp%2Fv2%2Fcomments&post=85142"}],"version-history":[{"count":1,"href":"https:\/\/www.egemtv.com\/index.php?rest_route=\/wp\/v2\/posts\/85142\/revisions"}],"predecessor-version":[{"id":85144,"href":"https:\/\/www.egemtv.com\/index.php?rest_route=\/wp\/v2\/posts\/85142\/revisions\/85144"}],"wp:featuredmedia":[{"embeddable":true,"href":"https:\/\/www.egemtv.com\/index.php?rest_route=\/wp\/v2\/media\/85143"}],"wp:attachment":[{"href":"https:\/\/www.egemtv.com\/index.php?rest_route=%2Fwp%2Fv2%2Fmedia&parent=85142"}],"wp:term":[{"taxonomy":"category","embeddable":true,"href":"https:\/\/www.egemtv.com\/index.php?rest_route=%2Fwp%2Fv2%2Fcategories&post=85142"},{"taxonomy":"post_tag","embeddable":true,"href":"https:\/\/www.egemtv.com\/index.php?rest_route=%2Fwp%2Fv2%2Ftags&post=85142"}],"curies":[{"name":"wp","href":"https:\/\/api.w.org\/{rel}","templated":true}]}}