{"id":85139,"date":"2026-02-03T16:55:20","date_gmt":"2026-02-03T13:55:20","guid":{"rendered":"https:\/\/www.egemtv.com\/?p=85139"},"modified":"2026-02-03T16:55:20","modified_gmt":"2026-02-03T13:55:20","slug":"altaydan-aydinspora-destek-paylasimi","status":"publish","type":"post","link":"https:\/\/www.egemtv.com\/?p=85139","title":{"rendered":"Altay\u2019dan Ayd\u0131nspor\u2019a \u2019destek\u2019 payla\u015f\u0131m\u0131"},"content":{"rendered":"<p>Ayd\u0131nspor Kul\u00fcb\u00fc\u2019nde uzun s\u00fcredir devam eden maddi s\u0131k\u0131nt\u0131lar dolay\u0131s\u0131yla futbolcular kul\u00fcb\u00fcn sahipsiz b\u0131rak\u0131ld\u0131\u011f\u0131na dikkat \u00e7ekerken, \u0130zmir temsilcisi Altayspor ise sosyal medya hesab\u0131ndan yapt\u0131\u011f\u0131 payla\u015f\u0131mla siyah-beyazl\u0131 ekibe \u2019destek\u2019 mesaj\u0131 verdi.<br \/>\n<br \/>Uzun s\u00fcredir maddi imkans\u0131zl\u0131klar dolay\u0131s\u0131yla s\u0131k\u0131nt\u0131lar ya\u015fayan Ayd\u0131nspor, B\u00f6lgesel Amat\u00f6r Lig 8. Grup\u2019ta m\u00fccadelesini s\u00fcrd\u00fcr\u00fcyor. Futbolcular kul\u00fcb\u00fcn sahipsiz b\u0131rak\u0131ld\u0131\u011f\u0131na dikkat \u00e7ekerken, \u0130zmir\u2019in k\u00f6kl\u00fc spor kul\u00fcplerinden olan Altayspor ise Ayd\u0131nspor i\u00e7in destek mesaj\u0131 payla\u015ft\u0131. Altay 1914 Spor Kul\u00fcb\u00fc taraf\u0131ndan yap\u0131lan payla\u015f\u0131mda &#8220;Yan\u0131n\u0131zday\u0131z Ayd\u0131nspor. T\u00fcrk futbolunun k\u00f6kl\u00fc kul\u00fcb\u00fc Ayd\u0131nspor B\u00f6lgesel Amat\u00f6r Lig\u2019de \u00e7ok zor zamanlar ge\u00e7irmektedir. Bu zor d\u00f6nemlerinde Ayd\u0131nspor\u2019un yan\u0131nda oldu\u011fumuzu belirtmek isteriz. T\u00fcrkiye\u2019de \u0130zmir\u2019den sonra Altay\u2019\u0131m\u0131z\u0131n en fazla taraftara sahip oldu\u011fu \u015fehir Ayd\u0131n\u2019d\u0131r&#8221; ifadeleri yer ald\u0131.<br \/><\/p>\n","protected":false},"excerpt":{"rendered":"<p>Ayd\u0131nspor Kul\u00fcb\u00fc\u2019nde uzun s\u00fcredir devam eden maddi s\u0131k\u0131nt\u0131lar dolay\u0131s\u0131yla futbolcular kul\u00fcb\u00fcn sahipsiz b\u0131rak\u0131ld\u0131\u011f\u0131na dikkat \u00e7ekerken, \u0130zmir temsilcisi Altayspor ise sosyal medya hesab\u0131ndan yapt\u0131\u011f\u0131 payla\u015f\u0131mla siyah-beyazl\u0131 ekibe \u2019destek\u2019 mesaj\u0131 verdi. Uzun s\u00fcredir maddi imkans\u0131zl\u0131klar dolay\u0131s\u0131yla s\u0131k\u0131nt\u0131lar ya\u015fayan Ayd\u0131nspor, B\u00f6lgesel Amat\u00f6r Lig 8. Grup\u2019ta m\u00fccadelesini s\u00fcrd\u00fcr\u00fcyor. Futbolcular kul\u00fcb\u00fcn sahipsiz b\u0131rak\u0131ld\u0131\u011f\u0131na dikkat \u00e7ekerken, \u0130zmir\u2019in k\u00f6kl\u00fc spor kul\u00fcplerinden olan&#8230;<\/p>\n","protected":false},"author":1,"featured_media":85140,"comment_status":"open","ping_status":"open","sticky":false,"template":"","format":"standard","meta":{"_crdt_document":"","footnotes":""},"categories":[4],"tags":[],"class_list":["post-85139","post","type-post","status-publish","format-standard","has-post-thumbnail","hentry","category-spor"],"_links":{"self":[{"href":"https:\/\/www.egemtv.com\/index.php?rest_route=\/wp\/v2\/posts\/85139","targetHints":{"allow":["GET"]}}],"collection":[{"href":"https:\/\/www.egemtv.com\/index.php?rest_route=\/wp\/v2\/posts"}],"about":[{"href":"https:\/\/www.egemtv.com\/index.php?rest_route=\/wp\/v2\/types\/post"}],"author":[{"embeddable":true,"href":"https:\/\/www.egemtv.com\/index.php?rest_route=\/wp\/v2\/users\/1"}],"replies":[{"embeddable":true,"href":"https:\/\/www.egemtv.com\/index.php?rest_route=%2Fwp%2Fv2%2Fcomments&post=85139"}],"version-history":[{"count":1,"href":"https:\/\/www.egemtv.com\/index.php?rest_route=\/wp\/v2\/posts\/85139\/revisions"}],"predecessor-version":[{"id":85141,"href":"https:\/\/www.egemtv.com\/index.php?rest_route=\/wp\/v2\/posts\/85139\/revisions\/85141"}],"wp:featuredmedia":[{"embeddable":true,"href":"https:\/\/www.egemtv.com\/index.php?rest_route=\/wp\/v2\/media\/85140"}],"wp:attachment":[{"href":"https:\/\/www.egemtv.com\/index.php?rest_route=%2Fwp%2Fv2%2Fmedia&parent=85139"}],"wp:term":[{"taxonomy":"category","embeddable":true,"href":"https:\/\/www.egemtv.com\/index.php?rest_route=%2Fwp%2Fv2%2Fcategories&post=85139"},{"taxonomy":"post_tag","embeddable":true,"href":"https:\/\/www.egemtv.com\/index.php?rest_route=%2Fwp%2Fv2%2Ftags&post=85139"}],"curies":[{"name":"wp","href":"https:\/\/api.w.org\/{rel}","templated":true}]}}