{"id":85007,"date":"2026-02-03T11:35:18","date_gmt":"2026-02-03T08:35:18","guid":{"rendered":"https:\/\/www.egemtv.com\/?p=85007"},"modified":"2026-02-03T11:35:22","modified_gmt":"2026-02-03T08:35:22","slug":"gedizli-akademisyenlerden-uluslararasi-basari","status":"publish","type":"post","link":"https:\/\/www.egemtv.com\/?p=85007","title":{"rendered":"Gedizli akademisyenlerden uluslararas\u0131 ba\u015far\u0131"},"content":{"rendered":"<p>K\u00fctahya\u2019n\u0131n Gediz il\u00e7esinde Sa\u011fl\u0131k Hizmetleri Meslek Y\u00fcksekokulu \u00f6\u011fretim \u00fcyeleri, haz\u0131rlad\u0131klar\u0131 projelerle uluslararas\u0131 bilim d\u00fcnyas\u0131nda \u00f6nemli bir ba\u015far\u0131ya imza att\u0131. Y\u00fcksekokul b\u00fcnyesindeki iki akademisyenin T\u00dcB\u0130TAK destekli projeleri, d\u00fcnyan\u0131n \u00f6nde gelen \u00fcniversiteleri taraf\u0131ndan kabul edilerek b\u00fcy\u00fck takdir toplad\u0131.<br \/>\n<br \/>Dr. \u00d6\u011fr. \u00dcyesi Melike Pehlivan\u2019\u0131n haz\u0131rlad\u0131\u011f\u0131, ya\u015fl\u0131 bak\u0131m\u0131na teknolojik bir soluk getiren projesi Japonya\u2019n\u0131n sayg\u0131n kurumlar\u0131ndan Tokyo \u00dcniversitesi\u2019nde y\u00fcr\u00fct\u00fclecek. &#8220;Ya\u015fl\u0131 Bak\u0131m\u0131nda Bili\u015fsel \u0130\u015flevler ve Duygusal \u0130yi Olu\u015f \u00dczerine Sanal Ger\u00e7eklik Destekli Fark\u0131ndal\u0131k Temelli M\u00fcdahalenin Uygulanabilirli\u011fi ve Etkilerinin \u0130ncelenmesi&#8221; ba\u015fl\u0131kl\u0131 \u00e7al\u0131\u015fma, sanal ger\u00e7eklik teknolojisinin ya\u015fl\u0131lar\u0131n ya\u015fam kalitesi \u00fczerindeki etkilerini bilimsel verilerle ortaya koymay\u0131 hedefliyor.<br \/>\n<br \/>Bir di\u011fer \u00f6nemli ba\u015far\u0131 ise Dr. \u00d6\u011fr. \u00dcyesi Saadet Bartan\u2019dan geldi. Bartan\u2019\u0131n T\u00dcB\u0130TAK 2219 &#8211; Yurt D\u0131\u015f\u0131 Doktora Sonras\u0131 Ara\u015ft\u0131rma Burs Program\u0131 \u00e7er\u00e7evesinde sundu\u011fu projesi kabul edilerek Avustralya\u2019n\u0131n k\u00f6kl\u00fc e\u011fitim kurumlar\u0131ndan Monash \u00dcniversitesi\u2019ne davet edildi. &#8220;A Conceptual Play-Based Sensory-Integrated Learning Process Planning Model for Early Childhood Educators&#8221; ba\u015fl\u0131kl\u0131 ara\u015ft\u0131rma, \u00fcniversite b\u00fcnyesindeki Conceptual PlayLab\u2019de ger\u00e7ekle\u015ftirilecek. Bu \u00e7al\u0131\u015fma, erken \u00e7ocukluk d\u00f6nemindeki e\u011fiticiler i\u00e7in oyun temelli ve duyusal b\u00fct\u00fcnle\u015fik bir \u00f6\u011frenme modeli sunmay\u0131 ama\u00e7l\u0131yor.<br \/>\n<br \/>Gediz Sa\u011fl\u0131k Hizmetleri Meslek Y\u00fcksekokulu taraf\u0131ndan yap\u0131lan a\u00e7\u0131klamada, elde edilen bu ba\u015far\u0131lar\u0131n hem \u00fcniversite hem de Gediz i\u00e7in gurur verici oldu\u011fu vurgulan\u0131rken, akademisyenlere bilim d\u00fcnyas\u0131na sa\u011flad\u0131klar\u0131 katk\u0131lardan dolay\u0131 te\u015fekk\u00fcr edilerek ba\u015far\u0131lar\u0131n\u0131n devam\u0131 dilendi.<br \/><\/p>\n","protected":false},"excerpt":{"rendered":"<p>K\u00fctahya\u2019n\u0131n Gediz il\u00e7esinde Sa\u011fl\u0131k Hizmetleri Meslek Y\u00fcksekokulu \u00f6\u011fretim \u00fcyeleri, haz\u0131rlad\u0131klar\u0131 projelerle uluslararas\u0131 bilim d\u00fcnyas\u0131nda \u00f6nemli bir ba\u015far\u0131ya imza att\u0131. Y\u00fcksekokul b\u00fcnyesindeki iki akademisyenin T\u00dcB\u0130TAK destekli projeleri, d\u00fcnyan\u0131n \u00f6nde gelen \u00fcniversiteleri taraf\u0131ndan kabul edilerek b\u00fcy\u00fck takdir toplad\u0131. Dr. \u00d6\u011fr. \u00dcyesi Melike Pehlivan\u2019\u0131n haz\u0131rlad\u0131\u011f\u0131, ya\u015fl\u0131 bak\u0131m\u0131na teknolojik bir soluk getiren projesi Japonya\u2019n\u0131n sayg\u0131n kurumlar\u0131ndan Tokyo \u00dcniversitesi\u2019nde y\u00fcr\u00fct\u00fclecek&#8230;.<\/p>\n","protected":false},"author":1,"featured_media":85008,"comment_status":"open","ping_status":"open","sticky":false,"template":"","format":"standard","meta":{"_crdt_document":"","footnotes":""},"categories":[1],"tags":[],"class_list":["post-85007","post","type-post","status-publish","format-standard","has-post-thumbnail","hentry","category-guncel"],"_links":{"self":[{"href":"https:\/\/www.egemtv.com\/index.php?rest_route=\/wp\/v2\/posts\/85007","targetHints":{"allow":["GET"]}}],"collection":[{"href":"https:\/\/www.egemtv.com\/index.php?rest_route=\/wp\/v2\/posts"}],"about":[{"href":"https:\/\/www.egemtv.com\/index.php?rest_route=\/wp\/v2\/types\/post"}],"author":[{"embeddable":true,"href":"https:\/\/www.egemtv.com\/index.php?rest_route=\/wp\/v2\/users\/1"}],"replies":[{"embeddable":true,"href":"https:\/\/www.egemtv.com\/index.php?rest_route=%2Fwp%2Fv2%2Fcomments&post=85007"}],"version-history":[{"count":1,"href":"https:\/\/www.egemtv.com\/index.php?rest_route=\/wp\/v2\/posts\/85007\/revisions"}],"predecessor-version":[{"id":85009,"href":"https:\/\/www.egemtv.com\/index.php?rest_route=\/wp\/v2\/posts\/85007\/revisions\/85009"}],"wp:featuredmedia":[{"embeddable":true,"href":"https:\/\/www.egemtv.com\/index.php?rest_route=\/wp\/v2\/media\/85008"}],"wp:attachment":[{"href":"https:\/\/www.egemtv.com\/index.php?rest_route=%2Fwp%2Fv2%2Fmedia&parent=85007"}],"wp:term":[{"taxonomy":"category","embeddable":true,"href":"https:\/\/www.egemtv.com\/index.php?rest_route=%2Fwp%2Fv2%2Fcategories&post=85007"},{"taxonomy":"post_tag","embeddable":true,"href":"https:\/\/www.egemtv.com\/index.php?rest_route=%2Fwp%2Fv2%2Ftags&post=85007"}],"curies":[{"name":"wp","href":"https:\/\/api.w.org\/{rel}","templated":true}]}}