{"id":85004,"date":"2026-02-03T11:35:11","date_gmt":"2026-02-03T08:35:11","guid":{"rendered":"https:\/\/www.egemtv.com\/?p=85004"},"modified":"2026-02-03T11:35:15","modified_gmt":"2026-02-03T08:35:15","slug":"domanic-ve-tavsanli-43-adim-projesi","status":"publish","type":"post","link":"https:\/\/www.egemtv.com\/?p=85004","title":{"rendered":"Domani\u00e7 ve Tav\u015fanl\u0131 &#8220;43 ad\u0131m&#8221; projesi"},"content":{"rendered":"<p>K\u00fctahya \u0130l Mill\u00ee E\u011fitim M\u00fcd\u00fcrl\u00fc\u011f\u00fc taraf\u0131ndan hayata ge\u00e7irilen &#8220;43 Ad\u0131m&#8221; projesi kapsam\u0131nda, Tav\u015fanl\u0131 ve Domani\u00e7 il\u00e7elerindeki e\u011fitimcilere y\u00f6nelik kapsaml\u0131 bir bilgilendirme toplant\u0131s\u0131 ve at\u00f6lye \u00e7al\u0131\u015fmas\u0131 d\u00fczenlendi.<br \/>\n<br \/>K\u00fctahya \u0130l Mill\u00ee E\u011fitim M\u00fcd\u00fcrl\u00fc\u011f\u00fc Strateji Geli\u015ftirme Hizmetleri Ar-Ge Birimi koordinesinde ger\u00e7ekle\u015ftirilen programda, e\u011fitimin kalitesini art\u0131rmak ve kurumsal kapasiteyi g\u00fc\u00e7lendirmek hedeflendi. Tav\u015fanl\u0131 ve Domani\u00e7 il\u00e7elerinde g\u00f6rev yapan \u00e7ok say\u0131da okul y\u00f6neticisi ve \u00f6\u011fretmen, projelerin uygulama s\u00fcre\u00e7lerini mercek alt\u0131na al\u0131nd\u0131. Projelere y\u00f6nelik fark\u0131ndal\u0131k olu\u015fturmak ve e\u011fitimde iyi uygulama \u00f6rneklerini yayg\u0131nla\u015ft\u0131rmak amac\u0131yla d\u00fczenlenen program, iki farkl\u0131 merkezde e\u015f zamanl\u0131 olarak icra edildi<br \/>\n<br \/>Tav\u015fanl\u0131 Arslanbey Ticaret Mesleki ve Teknik Anadolu Lisesi\u2019nde bir araya gelerek idari s\u00fcre\u00e7ler ve stratejik planlama \u00fczerine odakland\u0131. D\u00fczenlenen at\u00f6lye \u00e7al\u0131\u015fmalar\u0131nda proje geli\u015ftirme tekniklerini uygulamal\u0131 olarak ele ald\u0131.<br \/>\n<br \/>Toplant\u0131 s\u00fcresince kat\u0131l\u0131mc\u0131lara proje geli\u015ftirme s\u00fcre\u00e7leri, uygulama \u00f6rnekleri ve e\u011fitimde kaliteyi art\u0131rmaya y\u00f6nelik stratejiler hakk\u0131nda detayl\u0131 sunumlar yap\u0131ld\u0131. E\u011fitimciler, kendi okullar\u0131nda y\u00fcr\u00fctt\u00fckleri projeleri ve kar\u015f\u0131la\u015ft\u0131klar\u0131 saha deneyimlerini meslekta\u015flar\u0131yla payla\u015fma f\u0131rsat\u0131 buldu.<br \/><\/p>\n","protected":false},"excerpt":{"rendered":"<p>K\u00fctahya \u0130l Mill\u00ee E\u011fitim M\u00fcd\u00fcrl\u00fc\u011f\u00fc taraf\u0131ndan hayata ge\u00e7irilen &#8220;43 Ad\u0131m&#8221; projesi kapsam\u0131nda, Tav\u015fanl\u0131 ve Domani\u00e7 il\u00e7elerindeki e\u011fitimcilere y\u00f6nelik kapsaml\u0131 bir bilgilendirme toplant\u0131s\u0131 ve at\u00f6lye \u00e7al\u0131\u015fmas\u0131 d\u00fczenlendi. K\u00fctahya \u0130l Mill\u00ee E\u011fitim M\u00fcd\u00fcrl\u00fc\u011f\u00fc Strateji Geli\u015ftirme Hizmetleri Ar-Ge Birimi koordinesinde ger\u00e7ekle\u015ftirilen programda, e\u011fitimin kalitesini art\u0131rmak ve kurumsal kapasiteyi g\u00fc\u00e7lendirmek hedeflendi. Tav\u015fanl\u0131 ve Domani\u00e7 il\u00e7elerinde g\u00f6rev yapan \u00e7ok say\u0131da&#8230;<\/p>\n","protected":false},"author":1,"featured_media":85005,"comment_status":"open","ping_status":"open","sticky":false,"template":"","format":"standard","meta":{"_crdt_document":"","footnotes":""},"categories":[1],"tags":[],"class_list":["post-85004","post","type-post","status-publish","format-standard","has-post-thumbnail","hentry","category-guncel"],"_links":{"self":[{"href":"https:\/\/www.egemtv.com\/index.php?rest_route=\/wp\/v2\/posts\/85004","targetHints":{"allow":["GET"]}}],"collection":[{"href":"https:\/\/www.egemtv.com\/index.php?rest_route=\/wp\/v2\/posts"}],"about":[{"href":"https:\/\/www.egemtv.com\/index.php?rest_route=\/wp\/v2\/types\/post"}],"author":[{"embeddable":true,"href":"https:\/\/www.egemtv.com\/index.php?rest_route=\/wp\/v2\/users\/1"}],"replies":[{"embeddable":true,"href":"https:\/\/www.egemtv.com\/index.php?rest_route=%2Fwp%2Fv2%2Fcomments&post=85004"}],"version-history":[{"count":1,"href":"https:\/\/www.egemtv.com\/index.php?rest_route=\/wp\/v2\/posts\/85004\/revisions"}],"predecessor-version":[{"id":85006,"href":"https:\/\/www.egemtv.com\/index.php?rest_route=\/wp\/v2\/posts\/85004\/revisions\/85006"}],"wp:featuredmedia":[{"embeddable":true,"href":"https:\/\/www.egemtv.com\/index.php?rest_route=\/wp\/v2\/media\/85005"}],"wp:attachment":[{"href":"https:\/\/www.egemtv.com\/index.php?rest_route=%2Fwp%2Fv2%2Fmedia&parent=85004"}],"wp:term":[{"taxonomy":"category","embeddable":true,"href":"https:\/\/www.egemtv.com\/index.php?rest_route=%2Fwp%2Fv2%2Fcategories&post=85004"},{"taxonomy":"post_tag","embeddable":true,"href":"https:\/\/www.egemtv.com\/index.php?rest_route=%2Fwp%2Fv2%2Ftags&post=85004"}],"curies":[{"name":"wp","href":"https:\/\/api.w.org\/{rel}","templated":true}]}}