{"id":85001,"date":"2026-02-03T11:35:05","date_gmt":"2026-02-03T08:35:05","guid":{"rendered":"https:\/\/www.egemtv.com\/?p=85001"},"modified":"2026-02-03T11:35:10","modified_gmt":"2026-02-03T08:35:10","slug":"izmirde-ise-gitmek-icin-evden-cikan-genc-silahli-saldirida-oldu","status":"publish","type":"post","link":"https:\/\/www.egemtv.com\/?p=85001","title":{"rendered":"\u0130zmir\u2019de i\u015fe gitmek i\u00e7in evden \u00e7\u0131kan gen\u00e7 silahl\u0131 sald\u0131r\u0131da \u00f6ld\u00fc"},"content":{"rendered":"<p>\u0130zmir\u2019in Bornova il\u00e7esinde i\u015fe gitmek i\u00e7in evinden \u00e7\u0131kan gen\u00e7, kap\u0131da pusu kuran \u015fahs\u0131n silahl\u0131 sald\u0131r\u0131s\u0131 sonucu hayat\u0131n\u0131 kaybetti. Polis ekipleri, olay yerinden ka\u00e7an cinayet \u015f\u00fcphelisini yakalamak i\u00e7in \u00e7al\u0131\u015fma ba\u015flatt\u0131.<br \/>\n<br \/>Olay, sabah saat 06.45 s\u0131ralar\u0131nda Bornova il\u00e7esi Atat\u00fcrk Mahallesi \u0130sa Yusuf Alptekin Caddesi\u2019nde meydana geldi. Edinilen bilgiye g\u00f6re, bir fabrikada i\u015f\u00e7i olarak \u00e7al\u0131\u015fan ve ailesiyle birlikte ya\u015fayan Sinan \u00dcmit (23), i\u015fe gitmek \u00fczere ikametinden \u00e7\u0131kt\u0131. Bu s\u0131rada kap\u0131n\u0131n \u00f6n\u00fcnde bekleyen ve plakas\u0131 hen\u00fcz belirlenemeyen beyaz renkli bir otomobilden inen koyu k\u0131yafetli \u015fah\u0131s, gence tabancayla pe\u015f pe\u015fe ate\u015f etti. V\u00fccudunun \u00e7e\u015fitli yerlerine 5 kur\u015fun isabet eden Sinan \u00dcmit, kanlar i\u00e7inde yere y\u0131\u011f\u0131ld\u0131. Silah seslerini duyan \u00e7evre sakinlerinin ihbar\u0131 \u00fczerine olay yerine 112 Acil Sa\u011fl\u0131k ve polis ekipleri sevk edildi. Olay\u0131 ger\u00e7ekle\u015ftiren sald\u0131rgan ise geldi\u011fi ara\u00e7la h\u0131zla b\u00f6lgeden uzakla\u015ft\u0131.<\/p>\n<p>Hastanede hayat\u0131n\u0131 kaybetti<br \/>\n<br \/>A\u011f\u0131r yaralanan Sinan \u00dcmit, olay yerindeki ilk m\u00fcdahalenin ard\u0131ndan ambulansla Ege \u00dcniversitesi T\u0131p Fak\u00fcltesi Hastanesi Acil Servisi\u2019ne kald\u0131r\u0131ld\u0131. Talihsiz gen\u00e7, hastanede yap\u0131lan t\u00fcm m\u00fcdahalelere ra\u011fmen kurtar\u0131lamad\u0131. \u00dcmit\u2019in cans\u0131z bedeni savc\u0131l\u0131k incelemesinin ard\u0131ndan \u0130zmir Adli T\u0131p Kurumu morguna kald\u0131r\u0131ld\u0131. Polis ekipleri, olay yerinden ka\u00e7an cinayet \u015f\u00fcphelisi F.M.\u2019yi yakalamak i\u00e7in \u00e7al\u0131\u015fma ba\u015flatt\u0131.<br \/><\/p>\n","protected":false},"excerpt":{"rendered":"<p>\u0130zmir\u2019in Bornova il\u00e7esinde i\u015fe gitmek i\u00e7in evinden \u00e7\u0131kan gen\u00e7, kap\u0131da pusu kuran \u015fahs\u0131n silahl\u0131 sald\u0131r\u0131s\u0131 sonucu hayat\u0131n\u0131 kaybetti. Polis ekipleri, olay yerinden ka\u00e7an cinayet \u015f\u00fcphelisini yakalamak i\u00e7in \u00e7al\u0131\u015fma ba\u015flatt\u0131. Olay, sabah saat 06.45 s\u0131ralar\u0131nda Bornova il\u00e7esi Atat\u00fcrk Mahallesi \u0130sa Yusuf Alptekin Caddesi\u2019nde meydana geldi. Edinilen bilgiye g\u00f6re, bir fabrikada i\u015f\u00e7i olarak \u00e7al\u0131\u015fan ve ailesiyle birlikte&#8230;<\/p>\n","protected":false},"author":1,"featured_media":85002,"comment_status":"open","ping_status":"open","sticky":false,"template":"","format":"standard","meta":{"_crdt_document":"","footnotes":""},"categories":[5],"tags":[],"class_list":["post-85001","post","type-post","status-publish","format-standard","has-post-thumbnail","hentry","category-asayis"],"_links":{"self":[{"href":"https:\/\/www.egemtv.com\/index.php?rest_route=\/wp\/v2\/posts\/85001","targetHints":{"allow":["GET"]}}],"collection":[{"href":"https:\/\/www.egemtv.com\/index.php?rest_route=\/wp\/v2\/posts"}],"about":[{"href":"https:\/\/www.egemtv.com\/index.php?rest_route=\/wp\/v2\/types\/post"}],"author":[{"embeddable":true,"href":"https:\/\/www.egemtv.com\/index.php?rest_route=\/wp\/v2\/users\/1"}],"replies":[{"embeddable":true,"href":"https:\/\/www.egemtv.com\/index.php?rest_route=%2Fwp%2Fv2%2Fcomments&post=85001"}],"version-history":[{"count":1,"href":"https:\/\/www.egemtv.com\/index.php?rest_route=\/wp\/v2\/posts\/85001\/revisions"}],"predecessor-version":[{"id":85003,"href":"https:\/\/www.egemtv.com\/index.php?rest_route=\/wp\/v2\/posts\/85001\/revisions\/85003"}],"wp:featuredmedia":[{"embeddable":true,"href":"https:\/\/www.egemtv.com\/index.php?rest_route=\/wp\/v2\/media\/85002"}],"wp:attachment":[{"href":"https:\/\/www.egemtv.com\/index.php?rest_route=%2Fwp%2Fv2%2Fmedia&parent=85001"}],"wp:term":[{"taxonomy":"category","embeddable":true,"href":"https:\/\/www.egemtv.com\/index.php?rest_route=%2Fwp%2Fv2%2Fcategories&post=85001"},{"taxonomy":"post_tag","embeddable":true,"href":"https:\/\/www.egemtv.com\/index.php?rest_route=%2Fwp%2Fv2%2Ftags&post=85001"}],"curies":[{"name":"wp","href":"https:\/\/api.w.org\/{rel}","templated":true}]}}