{"id":84998,"date":"2026-02-03T11:15:39","date_gmt":"2026-02-03T08:15:39","guid":{"rendered":"https:\/\/www.egemtv.com\/?p=84998"},"modified":"2026-02-03T11:15:44","modified_gmt":"2026-02-03T08:15:44","slug":"fethiyede-ev-yangininda-85-yasindaki-kadin-hayatini-kaybetti","status":"publish","type":"post","link":"https:\/\/www.egemtv.com\/?p=84998","title":{"rendered":"Fethiye\u2019de ev yang\u0131n\u0131nda 85 ya\u015f\u0131ndaki kad\u0131n hayat\u0131n\u0131 kaybetti"},"content":{"rendered":"<p>Mu\u011fla\u2019n\u0131n Fethiye il\u00e7esi \u0130ncirk\u00f6y Mahallesi\u2019nde \u00e7\u0131kan ev yang\u0131n\u0131nda 85 ya\u015f\u0131ndaki Ay\u015fe Orhan ya\u015fam\u0131n\u0131 yitirdi.<\/p>\n<p>Edinilen bilgilere g\u00f6re; gece saatlerinde bir evde yang\u0131n \u00e7\u0131kt\u0131\u011f\u0131 ihbar\u0131 \u00fczerine b\u00f6lgeye itfaiye ve sa\u011fl\u0131k ekipleri sevk edildi. Ekipler olay yerine ula\u015ft\u0131\u011f\u0131nda evin alev alev yand\u0131\u011f\u0131 g\u00f6rd\u00fc. Yang\u0131n, itfaiyenin yakla\u015f\u0131k 1 saat s\u00fcren m\u00fcdahalesiyle s\u00f6nd\u00fcr\u00fcld\u00fc. Evde yaln\u0131z ya\u015fad\u0131\u011f\u0131 belirtilen Ay\u015fe Orhan\u2019\u0131n i\u00e7eride oldu\u011fu bilgisi \u00fczerine ekipler taraf\u0131ndan arama yap\u0131ld\u0131. Yap\u0131lan kontrollerde Orhan\u2019\u0131n hayat\u0131n\u0131 kaybetti\u011fi belirlendi. Yang\u0131n\u0131n \u00e7\u0131k\u0131\u015f nedenine ili\u015fkin inceleme ba\u015flat\u0131ld\u0131.<br \/><\/p>\n","protected":false},"excerpt":{"rendered":"<p>Mu\u011fla\u2019n\u0131n Fethiye il\u00e7esi \u0130ncirk\u00f6y Mahallesi\u2019nde \u00e7\u0131kan ev yang\u0131n\u0131nda 85 ya\u015f\u0131ndaki Ay\u015fe Orhan ya\u015fam\u0131n\u0131 yitirdi. Edinilen bilgilere g\u00f6re; gece saatlerinde bir evde yang\u0131n \u00e7\u0131kt\u0131\u011f\u0131 ihbar\u0131 \u00fczerine b\u00f6lgeye itfaiye ve sa\u011fl\u0131k ekipleri sevk edildi. Ekipler olay yerine ula\u015ft\u0131\u011f\u0131nda evin alev alev yand\u0131\u011f\u0131 g\u00f6rd\u00fc. Yang\u0131n, itfaiyenin yakla\u015f\u0131k 1 saat s\u00fcren m\u00fcdahalesiyle s\u00f6nd\u00fcr\u00fcld\u00fc. Evde yaln\u0131z ya\u015fad\u0131\u011f\u0131 belirtilen Ay\u015fe Orhan\u2019\u0131n&#8230;<\/p>\n","protected":false},"author":1,"featured_media":84999,"comment_status":"open","ping_status":"open","sticky":false,"template":"","format":"standard","meta":{"_crdt_document":"","footnotes":""},"categories":[5],"tags":[],"class_list":["post-84998","post","type-post","status-publish","format-standard","has-post-thumbnail","hentry","category-asayis"],"_links":{"self":[{"href":"https:\/\/www.egemtv.com\/index.php?rest_route=\/wp\/v2\/posts\/84998","targetHints":{"allow":["GET"]}}],"collection":[{"href":"https:\/\/www.egemtv.com\/index.php?rest_route=\/wp\/v2\/posts"}],"about":[{"href":"https:\/\/www.egemtv.com\/index.php?rest_route=\/wp\/v2\/types\/post"}],"author":[{"embeddable":true,"href":"https:\/\/www.egemtv.com\/index.php?rest_route=\/wp\/v2\/users\/1"}],"replies":[{"embeddable":true,"href":"https:\/\/www.egemtv.com\/index.php?rest_route=%2Fwp%2Fv2%2Fcomments&post=84998"}],"version-history":[{"count":1,"href":"https:\/\/www.egemtv.com\/index.php?rest_route=\/wp\/v2\/posts\/84998\/revisions"}],"predecessor-version":[{"id":85000,"href":"https:\/\/www.egemtv.com\/index.php?rest_route=\/wp\/v2\/posts\/84998\/revisions\/85000"}],"wp:featuredmedia":[{"embeddable":true,"href":"https:\/\/www.egemtv.com\/index.php?rest_route=\/wp\/v2\/media\/84999"}],"wp:attachment":[{"href":"https:\/\/www.egemtv.com\/index.php?rest_route=%2Fwp%2Fv2%2Fmedia&parent=84998"}],"wp:term":[{"taxonomy":"category","embeddable":true,"href":"https:\/\/www.egemtv.com\/index.php?rest_route=%2Fwp%2Fv2%2Fcategories&post=84998"},{"taxonomy":"post_tag","embeddable":true,"href":"https:\/\/www.egemtv.com\/index.php?rest_route=%2Fwp%2Fv2%2Ftags&post=84998"}],"curies":[{"name":"wp","href":"https:\/\/api.w.org\/{rel}","templated":true}]}}