{"id":84995,"date":"2026-02-03T10:54:42","date_gmt":"2026-02-03T07:54:42","guid":{"rendered":"https:\/\/www.egemtv.com\/?p=84995"},"modified":"2026-02-03T10:54:43","modified_gmt":"2026-02-03T07:54:43","slug":"guvenlik-onlemleri-alinmadan-traverten-tasiyan-kamyona-25-bin-lira-ceza-kesildi","status":"publish","type":"post","link":"https:\/\/www.egemtv.com\/?p=84995","title":{"rendered":"G\u00fcvenlik \u00f6nlemleri al\u0131nmadan traverten ta\u015f\u0131yan kamyona 25 bin lira ceza kesildi"},"content":{"rendered":"<p>Denizli\u2019de yan kapaklar\u0131 olmadan ve g\u00fcvenlik \u00f6nlemi al\u0131nmadan traverten ta\u015f\u0131d\u0131\u011f\u0131 g\u00f6r\u00fclen kamyon s\u00fcr\u00fcc\u00fcs\u00fcne trafik g\u00fcvenli\u011fini tehlikeye d\u00fc\u015f\u00fcrmek ve yetkisiz ta\u015f\u0131ma yapmak gerek\u00e7esiyle toplam 25 bin 179 TL idari para cezas\u0131 kesildi.<\/p>\n<p>Denizli \u0130l Emniyet  M\u00fcd\u00fcrl\u00fc\u011f\u00fc Trafik Denetleme \u015eube M\u00fcd\u00fcrl\u00fc\u011f\u00fc ekipleri, sosyal medyada payla\u015f\u0131lan g\u00f6r\u00fcnt\u00fclerde bir kamyonun yan kapaklar\u0131 olmadan ve gerekli g\u00fcvenlik \u00f6nlemleri al\u0131nmadan a\u011f\u0131r traverten bloklar\u0131n\u0131 ta\u015f\u0131d\u0131\u011f\u0131 g\u00f6r\u00fcl\u00fcne g\u00f6r\u00fcnt\u00fcler \u00fczerine harekete ge\u00e7ildi. G\u00f6r\u00fcnt\u00fcler sonras\u0131 B\u00f6lge Trafik Denetleme \u015eube M\u00fcd\u00fcrl\u00fc\u011f\u00fc ekipleri taraf\u0131ndan inceleme ba\u015flat\u0131ld\u0131. Yap\u0131lan \u00e7al\u0131\u015fmalar sonucunda ilgili ara\u00e7 tespit edilerek s\u00fcr\u00fcc\u00fcs\u00fcne i\u015flem uyguland\u0131. Kamyona, 2918 say\u0131l\u0131 Karayollar\u0131 Trafik Kanunu\u2019nun 47\/1-D maddesi kapsam\u0131nda trafik g\u00fcvenli\u011fini tehlikeye d\u00fc\u015f\u00fcrmek ve 65\/1-H maddesi kapsam\u0131nda y\u00fck\u00fc karayoluna de\u011fecek, d\u00fc\u015fecek veya d\u00f6k\u00fclecek \u015fekilde y\u00fcklemek su\u00e7lar\u0131ndan ceza kesildi. Ayr\u0131ca arac\u0131n 4925 say\u0131l\u0131 Karayolu Ta\u015f\u0131ma Kanunu\u2019nun 26\/1-A-2 maddesine g\u00f6re yetki belgesi almadan faaliyette bulunmak su\u00e7unu da i\u015fledi\u011fi belirlendi. S\u00fcr\u00fcc\u00fcye t\u00fcm su\u00e7lar toplam\u0131nda 25 bin 179 TL idari para cezas\u0131 verildi\u011fi a\u00e7\u0131kland\u0131.<br \/><\/p>\n","protected":false},"excerpt":{"rendered":"<p>Denizli\u2019de yan kapaklar\u0131 olmadan ve g\u00fcvenlik \u00f6nlemi al\u0131nmadan traverten ta\u015f\u0131d\u0131\u011f\u0131 g\u00f6r\u00fclen kamyon s\u00fcr\u00fcc\u00fcs\u00fcne trafik g\u00fcvenli\u011fini tehlikeye d\u00fc\u015f\u00fcrmek ve yetkisiz ta\u015f\u0131ma yapmak gerek\u00e7esiyle toplam 25 bin 179 TL idari para cezas\u0131 kesildi. Denizli \u0130l Emniyet M\u00fcd\u00fcrl\u00fc\u011f\u00fc Trafik Denetleme \u015eube M\u00fcd\u00fcrl\u00fc\u011f\u00fc ekipleri, sosyal medyada payla\u015f\u0131lan g\u00f6r\u00fcnt\u00fclerde bir kamyonun yan kapaklar\u0131 olmadan ve gerekli g\u00fcvenlik \u00f6nlemleri al\u0131nmadan a\u011f\u0131r&#8230;<\/p>\n","protected":false},"author":1,"featured_media":84996,"comment_status":"open","ping_status":"open","sticky":false,"template":"","format":"standard","meta":{"_crdt_document":"","footnotes":""},"categories":[5],"tags":[],"class_list":["post-84995","post","type-post","status-publish","format-standard","has-post-thumbnail","hentry","category-asayis"],"_links":{"self":[{"href":"https:\/\/www.egemtv.com\/index.php?rest_route=\/wp\/v2\/posts\/84995","targetHints":{"allow":["GET"]}}],"collection":[{"href":"https:\/\/www.egemtv.com\/index.php?rest_route=\/wp\/v2\/posts"}],"about":[{"href":"https:\/\/www.egemtv.com\/index.php?rest_route=\/wp\/v2\/types\/post"}],"author":[{"embeddable":true,"href":"https:\/\/www.egemtv.com\/index.php?rest_route=\/wp\/v2\/users\/1"}],"replies":[{"embeddable":true,"href":"https:\/\/www.egemtv.com\/index.php?rest_route=%2Fwp%2Fv2%2Fcomments&post=84995"}],"version-history":[{"count":1,"href":"https:\/\/www.egemtv.com\/index.php?rest_route=\/wp\/v2\/posts\/84995\/revisions"}],"predecessor-version":[{"id":84997,"href":"https:\/\/www.egemtv.com\/index.php?rest_route=\/wp\/v2\/posts\/84995\/revisions\/84997"}],"wp:featuredmedia":[{"embeddable":true,"href":"https:\/\/www.egemtv.com\/index.php?rest_route=\/wp\/v2\/media\/84996"}],"wp:attachment":[{"href":"https:\/\/www.egemtv.com\/index.php?rest_route=%2Fwp%2Fv2%2Fmedia&parent=84995"}],"wp:term":[{"taxonomy":"category","embeddable":true,"href":"https:\/\/www.egemtv.com\/index.php?rest_route=%2Fwp%2Fv2%2Fcategories&post=84995"},{"taxonomy":"post_tag","embeddable":true,"href":"https:\/\/www.egemtv.com\/index.php?rest_route=%2Fwp%2Fv2%2Ftags&post=84995"}],"curies":[{"name":"wp","href":"https:\/\/api.w.org\/{rel}","templated":true}]}}