{"id":84992,"date":"2026-02-03T10:54:41","date_gmt":"2026-02-03T07:54:41","guid":{"rendered":"https:\/\/www.egemtv.com\/?p=84992"},"modified":"2026-02-03T10:54:42","modified_gmt":"2026-02-03T07:54:42","slug":"satrancta-cesmenin-gururu-egehan-yildiz-avrupa-yolcusu","status":"publish","type":"post","link":"https:\/\/www.egemtv.com\/?p=84992","title":{"rendered":"Satran\u00e7ta \u00c7e\u015fme\u2019nin gururu Egehan Y\u0131ld\u0131z Avrupa yolcusu"},"content":{"rendered":"<p>T\u00fcrkiye K\u00fc\u00e7\u00fckler ve Y\u0131ld\u0131zlar Satran\u00e7 \u015eampiyonas\u0131\u2019nda G\u00fczelbah\u00e7e Satran\u00e7 sporcusu, FM unvanl\u0131 \u00c7e\u015fmeli Egehan Y\u0131ld\u0131z, 17 Ya\u015f Genel Kategorisi\u2019nde T\u00fcrkiye \u00fc\u00e7\u00fcnc\u00fcs\u00fc olarak \u00f6nemli bir ba\u015far\u0131ya imza att\u0131.<br \/>\n<br \/>2026 T\u00fcrkiye K\u00fc\u00e7\u00fckler ve Y\u0131ld\u0131zlar Satran\u00e7 \u015eampiyonas\u0131\u2019nda m\u00fccadele eden G\u00fczelbah\u00e7e Satran\u00e7 sporcusu, FM unvanl\u0131 \u00c7e\u015fmeli Egehan Y\u0131ld\u0131z, 17 Ya\u015f Genel Kategorisi\u2019nde elde etti\u011fi \u00fc\u00e7\u00fcnc\u00fcl\u00fck derecesiyle hem \u00c7e\u015fme\u2019yi hem de kul\u00fcb\u00fcn\u00fc gururland\u0131rd\u0131. Gen\u00e7 sporcu, bu ba\u015far\u0131s\u0131yla T\u00fcrkiye\u2019yi Avrupa\u2019da temsil etme hakk\u0131 kazand\u0131.<br \/>\n<br \/>24\u201331 Ocak 2026 tarihleri aras\u0131nda Antalya\u2019da d\u00fczenlenen \u015fampiyonada, K\u00fc\u00e7\u00fckler Kategorisi\u2019nde 7\u201312 ya\u015f, Y\u0131ld\u0131zlar Kategorisi\u2019nde ise 13\u201318 ya\u015f gruplar\u0131nda m\u00fcsabakalar oynand\u0131. T\u00fcrkiye\u2019nin d\u00f6rt bir yan\u0131ndan gelen 2 bin 884 sporcunun kat\u0131ld\u0131\u011f\u0131 organizasyonda, sporcular yedi g\u00fcn boyunca b\u00fcy\u00fck bir azim ve disiplinle m\u00fccadele etti.<br \/>\n<br \/>17 ya\u015f genel kategorisinde oynanan zorlu kar\u015f\u0131la\u015fmalar\u0131n ard\u0131ndan 8. tur sonunda; 7 puanla Ali Batuhan B\u0131y\u0131ks\u0131z birinci, CM Deniz Dirikolu ikinci olurken, 6,5 puan toplayan FM Egehan Y\u0131ld\u0131z \u00fc\u00e7\u00fcnc\u00fc s\u0131rada yer ald\u0131. Ayn\u0131 kategoride Doruk Karayayla d\u00f6rd\u00fcnc\u00fc, Ka\u011fan Torun be\u015finci, Yaman Binbo\u011fa ise alt\u0131nc\u0131 oldu.<br \/>\n<br \/>Gen\u00e7 ya\u015f\u0131na ra\u011fmen ulusal ve uluslararas\u0131 d\u00fczeyde dikkat \u00e7eken bir performans sergileyen Egehan Y\u0131ld\u0131z, T\u00fcrkiye \u00fc\u00e7\u00fcnc\u00fcl\u00fc\u011f\u00fc derecesiyle Avrupa \u015fampiyonalar\u0131nda ay-y\u0131ld\u0131zl\u0131 formayla m\u00fccadele etme hakk\u0131n\u0131 da elde etmi\u015f oldu.<br \/><\/p>\n","protected":false},"excerpt":{"rendered":"<p>T\u00fcrkiye K\u00fc\u00e7\u00fckler ve Y\u0131ld\u0131zlar Satran\u00e7 \u015eampiyonas\u0131\u2019nda G\u00fczelbah\u00e7e Satran\u00e7 sporcusu, FM unvanl\u0131 \u00c7e\u015fmeli Egehan Y\u0131ld\u0131z, 17 Ya\u015f Genel Kategorisi\u2019nde T\u00fcrkiye \u00fc\u00e7\u00fcnc\u00fcs\u00fc olarak \u00f6nemli bir ba\u015far\u0131ya imza att\u0131. 2026 T\u00fcrkiye K\u00fc\u00e7\u00fckler ve Y\u0131ld\u0131zlar Satran\u00e7 \u015eampiyonas\u0131\u2019nda m\u00fccadele eden G\u00fczelbah\u00e7e Satran\u00e7 sporcusu, FM unvanl\u0131 \u00c7e\u015fmeli Egehan Y\u0131ld\u0131z, 17 Ya\u015f Genel Kategorisi\u2019nde elde etti\u011fi \u00fc\u00e7\u00fcnc\u00fcl\u00fck derecesiyle hem \u00c7e\u015fme\u2019yi hem de&#8230;<\/p>\n","protected":false},"author":1,"featured_media":84993,"comment_status":"open","ping_status":"open","sticky":false,"template":"","format":"standard","meta":{"_crdt_document":"","footnotes":""},"categories":[4],"tags":[],"class_list":["post-84992","post","type-post","status-publish","format-standard","has-post-thumbnail","hentry","category-spor"],"_links":{"self":[{"href":"https:\/\/www.egemtv.com\/index.php?rest_route=\/wp\/v2\/posts\/84992","targetHints":{"allow":["GET"]}}],"collection":[{"href":"https:\/\/www.egemtv.com\/index.php?rest_route=\/wp\/v2\/posts"}],"about":[{"href":"https:\/\/www.egemtv.com\/index.php?rest_route=\/wp\/v2\/types\/post"}],"author":[{"embeddable":true,"href":"https:\/\/www.egemtv.com\/index.php?rest_route=\/wp\/v2\/users\/1"}],"replies":[{"embeddable":true,"href":"https:\/\/www.egemtv.com\/index.php?rest_route=%2Fwp%2Fv2%2Fcomments&post=84992"}],"version-history":[{"count":1,"href":"https:\/\/www.egemtv.com\/index.php?rest_route=\/wp\/v2\/posts\/84992\/revisions"}],"predecessor-version":[{"id":84994,"href":"https:\/\/www.egemtv.com\/index.php?rest_route=\/wp\/v2\/posts\/84992\/revisions\/84994"}],"wp:featuredmedia":[{"embeddable":true,"href":"https:\/\/www.egemtv.com\/index.php?rest_route=\/wp\/v2\/media\/84993"}],"wp:attachment":[{"href":"https:\/\/www.egemtv.com\/index.php?rest_route=%2Fwp%2Fv2%2Fmedia&parent=84992"}],"wp:term":[{"taxonomy":"category","embeddable":true,"href":"https:\/\/www.egemtv.com\/index.php?rest_route=%2Fwp%2Fv2%2Fcategories&post=84992"},{"taxonomy":"post_tag","embeddable":true,"href":"https:\/\/www.egemtv.com\/index.php?rest_route=%2Fwp%2Fv2%2Ftags&post=84992"}],"curies":[{"name":"wp","href":"https:\/\/api.w.org\/{rel}","templated":true}]}}