{"id":84989,"date":"2026-02-03T10:54:40","date_gmt":"2026-02-03T07:54:40","guid":{"rendered":"https:\/\/www.egemtv.com\/?p=84989"},"modified":"2026-02-03T10:54:41","modified_gmt":"2026-02-03T07:54:41","slug":"manisa-tsodan-rusyaya-ihracat-hamlesi","status":"publish","type":"post","link":"https:\/\/www.egemtv.com\/?p=84989","title":{"rendered":"Manisa TSO\u2019dan Rusya\u2019ya ihracat hamlesi"},"content":{"rendered":"<p>Manisa Ticaret ve Sanayi Odas\u0131 (Manisa TSO), Manisa\u2019dan Rusya\u2019ya y\u00f6nelik ihracat\u0131n geli\u015ftirilmesi amac\u0131yla &#8220;Rusya Pazar\u0131nda Ticari F\u0131rsatlar Bilgilendirme Toplant\u0131s\u0131&#8221; d\u00fczenledi. Toplant\u0131, Manisal\u0131 i\u015f insanlar\u0131n\u0131 Rusya pazar\u0131yla bir araya getirdi.<br \/>\n<br \/>Toplant\u0131n\u0131n a\u00e7\u0131l\u0131\u015f konu\u015fmas\u0131n\u0131 ger\u00e7ekle\u015ftiren Manisa TSO Y\u00f6netim Kurulu Ba\u015fkan\u0131 Mehmet Y\u0131lmaz, T\u00fcrkiye ile Rusya Federasyonu aras\u0131ndaki ili\u015fkilerin k\u00f6kl\u00fc bir ge\u00e7mi\u015fe sahip oldu\u011funu belirterek, \u00f6zellikle so\u011fuk sava\u015f\u0131n sona ermesinin ard\u0131ndan iki \u00fclke aras\u0131ndaki ekonomik ve ticari ili\u015fkilerin stratejik bir boyut kazand\u0131\u011f\u0131n\u0131 ifade etti. Y\u0131lmaz, ili\u015fkilerin 2010 y\u0131l\u0131nda kurulan \u00dcst D\u00fczey \u0130\u015fbirli\u011fi Konseyi ile kurumsalla\u015ft\u0131\u011f\u0131n\u0131 hat\u0131rlatt\u0131<br \/>\n<br \/>Rusya\u2019n\u0131n T\u00fcrkiye a\u00e7\u0131s\u0131ndan en \u00f6nemli d\u0131\u015f ticaret ortaklar\u0131ndan biri oldu\u011funa dikkat \u00e7eken Y\u0131lmaz, T\u00dc\u0130K verilerine g\u00f6re 2025 y\u0131l\u0131 itibar\u0131yla T\u00fcrkiye\u2019nin Rusya\u2019dan yakla\u015f\u0131k 42 milyar dolarl\u0131k ithalat, Rusya\u2019ya ise 7 milyar dolarl\u0131k ihracat ger\u00e7ekle\u015ftirdi\u011fini s\u00f6yledi. Manisa\u2019n\u0131n Rusya\u2019ya ihracat\u0131n\u0131n ise yakla\u015f\u0131k 100 milyon dolar seviyesinde oldu\u011funu belirten Y\u0131lmaz, bu rakamlar\u0131n art\u0131r\u0131lmas\u0131n\u0131n m\u00fcmk\u00fcn oldu\u011funu vurgulad\u0131.<br \/>\n<br \/>Enerji alan\u0131ndaki i\u015f birli\u011finin iki \u00fclke ili\u015fkilerinde \u00f6nemli bir yer tuttu\u011funu ifade eden Y\u0131lmaz, Akkuyu N\u00fckleer Santrali ve T\u00fcrkAk\u0131m projeleriyle bu alandaki i\u015f birli\u011finin daha da ileri bir safhaya ta\u015f\u0131nd\u0131\u011f\u0131n\u0131 dile getirdi. Turizmin de \u00f6nemli bir i\u015f birli\u011fi ba\u015fl\u0131\u011f\u0131 oldu\u011funa de\u011finen Y\u0131lmaz, 2025 y\u0131l\u0131nda T\u00fcrkiye\u2019yi ziyaret eden Rus turist say\u0131s\u0131n\u0131n 7 milyona yakla\u015ft\u0131\u011f\u0131n\u0131 kaydetti<br \/>\n<br \/>Manisa\u2019n\u0131n sanayi, tar\u0131m ve ihracat potansiyeline de de\u011finen Ba\u015fkan Y\u0131lmaz, Manisa Organize Sanayi B\u00f6lgesi\u2019nin uluslararas\u0131 yat\u0131r\u0131m yap\u0131labilirlik s\u0131ralamalar\u0131nda ilk s\u0131rada yer ald\u0131\u011f\u0131n\u0131, ilin son iki y\u0131lda 5 milyar dolar\u0131n \u00fczerinde ihracat ger\u00e7ekle\u015ftirdi\u011fini ve T\u00fcrkiye ihracat s\u0131ralamas\u0131nda ilk 10 il aras\u0131nda bulundu\u011funu s\u00f6yledi. Tar\u0131mda ise Manisa\u2019n\u0131n \u00fcz\u00fcm, zeytin, zeytinya\u011f\u0131, kanatl\u0131 hayvanc\u0131l\u0131k ve bir\u00e7ok \u00fcr\u00fcnde T\u00fcrkiye\u2019de ilk s\u0131ralarda yer ald\u0131\u011f\u0131n\u0131 ifade etti. Manisa\u2019n\u0131n tar\u0131m \u00fcr\u00fcnleri ihracat\u0131n\u0131n 1 milyar dolara yakla\u015ft\u0131\u011f\u0131n\u0131 belirtti<br \/>\n<br \/>Toplant\u0131ya, Rusya Federasyonu T\u00fcrkiye Cumhuriyeti Ticaret M\u00fcmessili Aydar Ga\u015figullin, Rusya Federasyonu Ticaret M\u00fc\u015faviri \u015eamil Yanmurdin ve Rusya Federasyonu Ekonomi Bakanl\u0131\u011f\u0131 T\u00fcrkiye Temsilcisi Ruslan Bekuzarov kat\u0131ld\u0131. Heyet \u00fcyeleri taraf\u0131ndan Rusya pazar\u0131, ikili ticaretin geli\u015ftirilmesi ve i\u015f d\u00fcnyas\u0131na sunulan f\u0131rsatlar hakk\u0131nda sunumlar ger\u00e7ekle\u015ftirildi.<br \/>\n<br \/>Program, kat\u0131l\u0131mc\u0131lar\u0131n sorular\u0131n\u0131n yan\u0131tland\u0131\u011f\u0131 soru-cevap b\u00f6l\u00fcm\u00fcyle sona erdi. Manisa TSO, \u00fcyelerinin uluslararas\u0131 ticarette daha etkin rol alabilmesi amac\u0131yla bilgilendirme ve i\u015f geli\u015ftirme faaliyetlerine devam edece\u011fini bildirdi.<br \/><\/p>\n","protected":false},"excerpt":{"rendered":"<p>Manisa Ticaret ve Sanayi Odas\u0131 (Manisa TSO), Manisa\u2019dan Rusya\u2019ya y\u00f6nelik ihracat\u0131n geli\u015ftirilmesi amac\u0131yla &#8220;Rusya Pazar\u0131nda Ticari F\u0131rsatlar Bilgilendirme Toplant\u0131s\u0131&#8221; d\u00fczenledi. Toplant\u0131, Manisal\u0131 i\u015f insanlar\u0131n\u0131 Rusya pazar\u0131yla bir araya getirdi. Toplant\u0131n\u0131n a\u00e7\u0131l\u0131\u015f konu\u015fmas\u0131n\u0131 ger\u00e7ekle\u015ftiren Manisa TSO Y\u00f6netim Kurulu Ba\u015fkan\u0131 Mehmet Y\u0131lmaz, T\u00fcrkiye ile Rusya Federasyonu aras\u0131ndaki ili\u015fkilerin k\u00f6kl\u00fc bir ge\u00e7mi\u015fe sahip oldu\u011funu belirterek, \u00f6zellikle so\u011fuk sava\u015f\u0131n&#8230;<\/p>\n","protected":false},"author":1,"featured_media":84990,"comment_status":"open","ping_status":"open","sticky":false,"template":"","format":"standard","meta":{"_crdt_document":"","footnotes":""},"categories":[125],"tags":[],"class_list":["post-84989","post","type-post","status-publish","format-standard","has-post-thumbnail","hentry","category-ekonomi"],"_links":{"self":[{"href":"https:\/\/www.egemtv.com\/index.php?rest_route=\/wp\/v2\/posts\/84989","targetHints":{"allow":["GET"]}}],"collection":[{"href":"https:\/\/www.egemtv.com\/index.php?rest_route=\/wp\/v2\/posts"}],"about":[{"href":"https:\/\/www.egemtv.com\/index.php?rest_route=\/wp\/v2\/types\/post"}],"author":[{"embeddable":true,"href":"https:\/\/www.egemtv.com\/index.php?rest_route=\/wp\/v2\/users\/1"}],"replies":[{"embeddable":true,"href":"https:\/\/www.egemtv.com\/index.php?rest_route=%2Fwp%2Fv2%2Fcomments&post=84989"}],"version-history":[{"count":1,"href":"https:\/\/www.egemtv.com\/index.php?rest_route=\/wp\/v2\/posts\/84989\/revisions"}],"predecessor-version":[{"id":84991,"href":"https:\/\/www.egemtv.com\/index.php?rest_route=\/wp\/v2\/posts\/84989\/revisions\/84991"}],"wp:featuredmedia":[{"embeddable":true,"href":"https:\/\/www.egemtv.com\/index.php?rest_route=\/wp\/v2\/media\/84990"}],"wp:attachment":[{"href":"https:\/\/www.egemtv.com\/index.php?rest_route=%2Fwp%2Fv2%2Fmedia&parent=84989"}],"wp:term":[{"taxonomy":"category","embeddable":true,"href":"https:\/\/www.egemtv.com\/index.php?rest_route=%2Fwp%2Fv2%2Fcategories&post=84989"},{"taxonomy":"post_tag","embeddable":true,"href":"https:\/\/www.egemtv.com\/index.php?rest_route=%2Fwp%2Fv2%2Ftags&post=84989"}],"curies":[{"name":"wp","href":"https:\/\/api.w.org\/{rel}","templated":true}]}}