{"id":84986,"date":"2026-02-03T10:35:35","date_gmt":"2026-02-03T07:35:35","guid":{"rendered":"https:\/\/www.egemtv.com\/?p=84986"},"modified":"2026-02-03T10:35:36","modified_gmt":"2026-02-03T07:35:36","slug":"kose-yazari-tekenin-aci-gunu","status":"publish","type":"post","link":"https:\/\/www.egemtv.com\/?p=84986","title":{"rendered":"K\u00f6\u015fe Yazar\u0131 Teke\u2019nin ac\u0131 g\u00fcn\u00fc"},"content":{"rendered":"<p>Emekli \u00d6\u011fretmen ve K\u00f6\u015fe Yazar\u0131 Duran Teke\u2019nin k\u0131z\u0131 Fatma G\u00fcl Teke yakaland\u0131\u011f\u0131 amans\u0131z hastal\u0131\u011fa yenik d\u00fc\u015ferek hayat\u0131n\u0131 kaybetti.<br \/>\n<br \/>Ayd\u0131n\u2019da K\u00f6\u015fe Yazarl\u0131\u011f\u0131 yapan Emekli \u00d6\u011fretmen Duran Teke\u2019nin k\u0131z\u0131 emekli Edebiyat \u00d6\u011fretmeni Fatma G\u00fcl Teke amans\u0131z hastal\u0131\u011f\u0131 dolay\u0131s\u0131yla bir s\u00fcredir Ayd\u0131n Devlet Hastanesi\u2019nde tedavi g\u00f6r\u00fcyordu. Teke burada yap\u0131lan t\u00fcm m\u00fcdahalelere ra\u011fmen hayat\u0131n\u0131 kaybetti. Teke\u2019nin \u00f6l\u00fcm\u00fc sevenlerini yasa bo\u011farken, cenazesinin bug\u00fcn Girne Mahallesi Yavuz Sultan Camii\u2019nde k\u0131l\u0131nacak ikindi namaz\u0131na m\u00fcteakip cenaze namaz\u0131n\u0131n ard\u0131ndan Kemer Mezarl\u0131\u011f\u0131\u2019nda topra\u011fa verilecek.<br \/><\/p>\n","protected":false},"excerpt":{"rendered":"<p>Emekli \u00d6\u011fretmen ve K\u00f6\u015fe Yazar\u0131 Duran Teke\u2019nin k\u0131z\u0131 Fatma G\u00fcl Teke yakaland\u0131\u011f\u0131 amans\u0131z hastal\u0131\u011fa yenik d\u00fc\u015ferek hayat\u0131n\u0131 kaybetti. Ayd\u0131n\u2019da K\u00f6\u015fe Yazarl\u0131\u011f\u0131 yapan Emekli \u00d6\u011fretmen Duran Teke\u2019nin k\u0131z\u0131 emekli Edebiyat \u00d6\u011fretmeni Fatma G\u00fcl Teke amans\u0131z hastal\u0131\u011f\u0131 dolay\u0131s\u0131yla bir s\u00fcredir Ayd\u0131n Devlet Hastanesi\u2019nde tedavi g\u00f6r\u00fcyordu. Teke burada yap\u0131lan t\u00fcm m\u00fcdahalelere ra\u011fmen hayat\u0131n\u0131 kaybetti. Teke\u2019nin \u00f6l\u00fcm\u00fc sevenlerini yasa&#8230;<\/p>\n","protected":false},"author":1,"featured_media":84987,"comment_status":"open","ping_status":"open","sticky":false,"template":"","format":"standard","meta":{"_crdt_document":"","footnotes":""},"categories":[1],"tags":[],"class_list":["post-84986","post","type-post","status-publish","format-standard","has-post-thumbnail","hentry","category-guncel"],"_links":{"self":[{"href":"https:\/\/www.egemtv.com\/index.php?rest_route=\/wp\/v2\/posts\/84986","targetHints":{"allow":["GET"]}}],"collection":[{"href":"https:\/\/www.egemtv.com\/index.php?rest_route=\/wp\/v2\/posts"}],"about":[{"href":"https:\/\/www.egemtv.com\/index.php?rest_route=\/wp\/v2\/types\/post"}],"author":[{"embeddable":true,"href":"https:\/\/www.egemtv.com\/index.php?rest_route=\/wp\/v2\/users\/1"}],"replies":[{"embeddable":true,"href":"https:\/\/www.egemtv.com\/index.php?rest_route=%2Fwp%2Fv2%2Fcomments&post=84986"}],"version-history":[{"count":1,"href":"https:\/\/www.egemtv.com\/index.php?rest_route=\/wp\/v2\/posts\/84986\/revisions"}],"predecessor-version":[{"id":84988,"href":"https:\/\/www.egemtv.com\/index.php?rest_route=\/wp\/v2\/posts\/84986\/revisions\/84988"}],"wp:featuredmedia":[{"embeddable":true,"href":"https:\/\/www.egemtv.com\/index.php?rest_route=\/wp\/v2\/media\/84987"}],"wp:attachment":[{"href":"https:\/\/www.egemtv.com\/index.php?rest_route=%2Fwp%2Fv2%2Fmedia&parent=84986"}],"wp:term":[{"taxonomy":"category","embeddable":true,"href":"https:\/\/www.egemtv.com\/index.php?rest_route=%2Fwp%2Fv2%2Fcategories&post=84986"},{"taxonomy":"post_tag","embeddable":true,"href":"https:\/\/www.egemtv.com\/index.php?rest_route=%2Fwp%2Fv2%2Ftags&post=84986"}],"curies":[{"name":"wp","href":"https:\/\/api.w.org\/{rel}","templated":true}]}}