{"id":84983,"date":"2026-02-03T10:35:34","date_gmt":"2026-02-03T07:35:34","guid":{"rendered":"https:\/\/www.egemtv.com\/?p=84983"},"modified":"2026-02-03T10:35:35","modified_gmt":"2026-02-03T07:35:35","slug":"salihlide-fotograf-ruzgari-salfod-sunum-gunleri-basladi","status":"publish","type":"post","link":"https:\/\/www.egemtv.com\/?p=84983","title":{"rendered":"Salihli\u2019de foto\u011fraf r\u00fczgar\u0131: SALFOD sunum g\u00fcnleri ba\u015flad\u0131"},"content":{"rendered":"<p>Salihli\u2019de foto\u011fraf tutkunlar\u0131n\u0131 bir araya getiren SALFOD Y\u00fcz Y\u00fcze Sunum ve S\u00f6yle\u015fi G\u00fcnleri ba\u015flad\u0131. Etkinli\u011fin a\u00e7\u0131l\u0131\u015f\u0131nda SALFOD Ba\u015fkan\u0131 Mustafa D\u00f6nmez, &#8220;30 Y\u0131l\u0131n Hik\u00e2yesi&#8221; sunumuyla foto\u011fraf\u0131n anlat\u0131m g\u00fcc\u00fcn\u00fc sanatseverlerle bulu\u015fturdu.<br \/>\n<br \/>Manisa\u2019n\u0131n Salihli il\u00e7esinde foto\u011fraf tutkunlar\u0131n\u0131 bir araya getiren SALFOD Y\u00fcz Y\u00fcze Sunum ve S\u00f6yle\u015fi G\u00fcnleri ba\u015flad\u0131. Salihli Foto\u011fraf Derne\u011fi (SALFOD) taraf\u0131ndan d\u00fczenlenen etkinli\u011fin ilk sunumunu, dernek ba\u015fkan\u0131 Mustafa D\u00f6nmez ger\u00e7ekle\u015ftirdi.<br \/>\n<br \/>Himaye-i Etfal Binas\u0131\u2019nda ba\u015flayan sunum g\u00fcnlerinin a\u00e7\u0131l\u0131\u015f\u0131nda D\u00f6nmez, &#8220;30 Y\u0131l\u0131n Hik\u00e2yesi&#8221; ba\u015fl\u0131kl\u0131 sunumuyla sanatseverlerin kar\u015f\u0131s\u0131na \u00e7\u0131kt\u0131. Yo\u011fun ilgi g\u00f6ren s\u00f6yle\u015fide D\u00f6nmez, g\u00f6rsel anlat\u0131m\u0131n ve foto\u011fraf\u0131n hik\u00e2ye g\u00fcc\u00fcn\u00fc ele alarak, g\u00f6rsel hik\u00e2yelerin hayat\u0131m\u0131z\u0131 nas\u0131l de\u011fi\u015ftirdi\u011fini ve ge\u00e7mi\u015ften gelece\u011fe nas\u0131l izler b\u0131rakt\u0131\u011f\u0131n\u0131 kat\u0131l\u0131mc\u0131larla payla\u015ft\u0131.<br \/>\n<br \/>SALFOD\u2019un d\u00fczenledi\u011fi program, 3 Nisan\u2019a kadar devam edecek. Etkinlikler kapsam\u0131nda foto\u011fraf sanat\u0131n\u0131n \u00f6nemli isimleri Salihli\u2019de foto\u011fraf severlerle bulu\u015facak. Programda; \u015eener Tekci, Sevgi Mersin, Seyit Konyal\u0131, Hasan U\u00e7ar, Suzan Ela, Ahmet \u00d6zkan, Hakan Yaral\u0131, Arda Ta\u015f ve Veyis Polat sunum ve s\u00f6yle\u015fileriyle yer alacak.<br \/>\n<br \/>SALFOD Y\u00fcz Y\u00fcze Sunum G\u00fcnleri, foto\u011fraf sanat\u0131na ilgi duyan herkese a\u00e7\u0131k olarak ger\u00e7ekle\u015ftiriliyor.<br \/><\/p>\n","protected":false},"excerpt":{"rendered":"<p>Salihli\u2019de foto\u011fraf tutkunlar\u0131n\u0131 bir araya getiren SALFOD Y\u00fcz Y\u00fcze Sunum ve S\u00f6yle\u015fi G\u00fcnleri ba\u015flad\u0131. Etkinli\u011fin a\u00e7\u0131l\u0131\u015f\u0131nda SALFOD Ba\u015fkan\u0131 Mustafa D\u00f6nmez, &#8220;30 Y\u0131l\u0131n Hik\u00e2yesi&#8221; sunumuyla foto\u011fraf\u0131n anlat\u0131m g\u00fcc\u00fcn\u00fc sanatseverlerle bulu\u015fturdu. Manisa\u2019n\u0131n Salihli il\u00e7esinde foto\u011fraf tutkunlar\u0131n\u0131 bir araya getiren SALFOD Y\u00fcz Y\u00fcze Sunum ve S\u00f6yle\u015fi G\u00fcnleri ba\u015flad\u0131. Salihli Foto\u011fraf Derne\u011fi (SALFOD) taraf\u0131ndan d\u00fczenlenen etkinli\u011fin ilk sunumunu, dernek&#8230;<\/p>\n","protected":false},"author":1,"featured_media":84984,"comment_status":"open","ping_status":"open","sticky":false,"template":"","format":"standard","meta":{"_crdt_document":"","footnotes":""},"categories":[1],"tags":[],"class_list":["post-84983","post","type-post","status-publish","format-standard","has-post-thumbnail","hentry","category-guncel"],"_links":{"self":[{"href":"https:\/\/www.egemtv.com\/index.php?rest_route=\/wp\/v2\/posts\/84983","targetHints":{"allow":["GET"]}}],"collection":[{"href":"https:\/\/www.egemtv.com\/index.php?rest_route=\/wp\/v2\/posts"}],"about":[{"href":"https:\/\/www.egemtv.com\/index.php?rest_route=\/wp\/v2\/types\/post"}],"author":[{"embeddable":true,"href":"https:\/\/www.egemtv.com\/index.php?rest_route=\/wp\/v2\/users\/1"}],"replies":[{"embeddable":true,"href":"https:\/\/www.egemtv.com\/index.php?rest_route=%2Fwp%2Fv2%2Fcomments&post=84983"}],"version-history":[{"count":1,"href":"https:\/\/www.egemtv.com\/index.php?rest_route=\/wp\/v2\/posts\/84983\/revisions"}],"predecessor-version":[{"id":84985,"href":"https:\/\/www.egemtv.com\/index.php?rest_route=\/wp\/v2\/posts\/84983\/revisions\/84985"}],"wp:featuredmedia":[{"embeddable":true,"href":"https:\/\/www.egemtv.com\/index.php?rest_route=\/wp\/v2\/media\/84984"}],"wp:attachment":[{"href":"https:\/\/www.egemtv.com\/index.php?rest_route=%2Fwp%2Fv2%2Fmedia&parent=84983"}],"wp:term":[{"taxonomy":"category","embeddable":true,"href":"https:\/\/www.egemtv.com\/index.php?rest_route=%2Fwp%2Fv2%2Fcategories&post=84983"},{"taxonomy":"post_tag","embeddable":true,"href":"https:\/\/www.egemtv.com\/index.php?rest_route=%2Fwp%2Fv2%2Ftags&post=84983"}],"curies":[{"name":"wp","href":"https:\/\/api.w.org\/{rel}","templated":true}]}}