{"id":84980,"date":"2026-02-03T10:35:33","date_gmt":"2026-02-03T07:35:33","guid":{"rendered":"https:\/\/www.egemtv.com\/?p=84980"},"modified":"2026-02-03T10:35:33","modified_gmt":"2026-02-03T07:35:33","slug":"manisada-ogrencilerin-guvenligi-icin-tedbirler-artiriliyor","status":"publish","type":"post","link":"https:\/\/www.egemtv.com\/?p=84980","title":{"rendered":"Manisa\u2019da \u00f6\u011frencilerin g\u00fcvenli\u011fi i\u00e7in tedbirler art\u0131r\u0131l\u0131yor"},"content":{"rendered":"<p>Manisa Valisi Vahdettin \u00d6zkan ba\u015fkanl\u0131\u011f\u0131nda ger\u00e7ekle\u015ftirilen toplant\u0131da 2025-2026 e\u011fitim \u00f6\u011fretim y\u0131l\u0131n\u0131n ikinci d\u00f6neminde okul \u00e7evrelerindeki g\u00fcvenlik ve trafik tedbirleri g\u00f6zden ge\u00e7irildi, al\u0131nacak \u00f6nlemler de\u011ferlendirildi.<br \/>\n<br \/>Manisa\u2019da 2025-2026 e\u011fitim \u00f6\u011fretim y\u0131l\u0131n\u0131n ikinci d\u00f6neminin ba\u015flamas\u0131yla birlikte, okul \u00e7evrelerindeki g\u00fcvenlik ve trafik tedbirleri g\u00f6zden ge\u00e7irildi, al\u0131nacak \u00f6nlemler de\u011ferlendirildi. Vali Vahdettin \u00d6zkan, riskli alanlara y\u00f6nelik ilave tedbirlerin hayata ge\u00e7irilece\u011fini belirterek, \u00f6\u011frencilerin huzur ve g\u00fcven ortam\u0131nda e\u011fitimlerini s\u00fcrd\u00fcrmelerinin en temel \u00f6ncelik oldu\u011funu vurgulad\u0131. Vali Vahdettin \u00d6zkan ba\u015fkanl\u0131\u011f\u0131nda ger\u00e7ekle\u015ftirilen toplant\u0131ya; \u0130l Jandarma Komutan\u0131 Tu\u011fgeneral \u0130lhan \u015een, Vali Yard\u0131mc\u0131lar\u0131 Mustafa Harputlu ve Erhan G\u00fcnay, \u0130l Emniyet M\u00fcd\u00fcr\u00fc Fahri Akta\u015f, \u0130l Mill\u00ee E\u011fitim M\u00fcd\u00fcr\u00fc Mehmet U\u011furelli ile ilgili kurum ve kurulu\u015flar\u0131n temsilcileri kat\u0131ld\u0131.<br \/>\n<br \/>Toplant\u0131da; okul g\u00fcvenli\u011fi, uyu\u015fturucu ve uyar\u0131c\u0131 maddelerle m\u00fccadele, trafik g\u00fcvenli\u011fi, okul servislerinin denetimi, akran zorbal\u0131\u011f\u0131 ve siber g\u00fcvenlik ba\u015fta olmak \u00fczere \u00f6\u011frencilerin g\u00fcvenli\u011fini do\u011frudan ilgilendiren konular kapsaml\u0131 \u015fekilde ele al\u0131nd\u0131. Okul \u00e7evrelerinde asayi\u015fin sa\u011flanmas\u0131, trafik kazalar\u0131n\u0131n \u00f6nlenmesi ve riskli alanlara y\u00f6nelik ilave tedbirlerin planlanmas\u0131 konular\u0131nda kurumlar aras\u0131 i\u015f birli\u011fi ve koordinasyonun art\u0131r\u0131lmas\u0131 kararla\u015ft\u0131r\u0131ld\u0131.<br \/>\n<br \/>Toplant\u0131da de\u011ferlendirmelerde bulunan Vali \u00d6zkan, \u00e7ocuklar\u0131n ve gen\u00e7lerin g\u00fcvenli\u011finin her \u015feyden \u00f6nce geldi\u011fini vurgulayarak, okul \u00e7evrelerinde al\u0131nacak tedbirlerin titizlikle uygulanmas\u0131n\u0131n ve denetimlerin aral\u0131ks\u0131z s\u00fcrd\u00fcr\u00fclmesinin b\u00fcy\u00fck \u00f6nem ta\u015f\u0131d\u0131\u011f\u0131n\u0131 ifade etti. E\u011fitim ortamlar\u0131n\u0131n yaln\u0131zca akademik ba\u015far\u0131yla de\u011fil, ayn\u0131 zamanda g\u00fcvenli ve huzurlu yap\u0131s\u0131yla da g\u00fc\u00e7lendirilmesi gerekti\u011fini belirten Vali \u00d6zkan, t\u00fcm kurumlar\u0131n bu s\u00fcre\u00e7te sorumluluk bilinciyle hareket etmesinin \u00f6nemine dikkat \u00e7ekti.<br \/>\n<br \/>Vali \u00d6zkan, yapt\u0131\u011f\u0131 a\u00e7\u0131klamada \u015fu ifadelere yer verdi: &#8220;Gelece\u011fimizin teminat\u0131 olan \u00f6\u011frencilerimizin huzur ve g\u00fcven i\u00e7inde e\u011fitimlerini s\u00fcrd\u00fcrebilmeleri temel \u00f6nceli\u011fimizdir. Bu konuda kamu kurumlar\u0131m\u0131z, okul idarecilerimiz, g\u00fcvenlik birimlerimiz, sivil toplum kurulu\u015flar\u0131m\u0131z ve velilerimiz ortak sorumluluk ta\u015f\u0131maktad\u0131r. Al\u0131nan tedbirlerin sahada etkin \u015fekilde uygulanmas\u0131n\u0131 ve denetimlerin kararl\u0131l\u0131kla s\u00fcrd\u00fcr\u00fclmesini \u00f6nemsiyoruz. Riskleri do\u011fru analiz ederek gerekli t\u00fcm \u00f6nlemleri almaya devam edece\u011fiz.&#8221;<br \/>\n<br \/>Toplant\u0131da al\u0131nan kararlar do\u011frultusunda, okul \u00e7evrelerinde uyu\u015fturucu madde, sigara ve di\u011fer zararl\u0131 maddelerin sat\u0131\u015f\u0131na y\u00f6nelik denetimler kolluk kuvvetleri taraf\u0131ndan art\u0131r\u0131lacak. \u00d6\u011frencilerin kar\u015f\u0131la\u015fabilece\u011fi ya\u015fanabilecek risklere kar\u015f\u0131 parklar, bah\u00e7eler ve metruk binalarda kontroller s\u0131kla\u015ft\u0131r\u0131lacak.<br \/>\n<br \/>Ayr\u0131ca; okul servis ara\u00e7lar\u0131na y\u00f6nelik denetimlerin art\u0131r\u0131lmas\u0131, okul ge\u00e7itlerinde trafik g\u00fcvenli\u011finin sa\u011flanmas\u0131, g\u00fcvenlik kamera sistemlerinin aktif tutulmas\u0131 ve \u00f6\u011frenci ile velilere y\u00f6nelik bilgilendirme faaliyetlerinin e\u011fitim \u00f6\u011fretim y\u0131l\u0131 boyunca devam ettirilmesi kararla\u015ft\u0131r\u0131ld\u0131.<br \/><\/p>\n","protected":false},"excerpt":{"rendered":"<p>Manisa Valisi Vahdettin \u00d6zkan ba\u015fkanl\u0131\u011f\u0131nda ger\u00e7ekle\u015ftirilen toplant\u0131da 2025-2026 e\u011fitim \u00f6\u011fretim y\u0131l\u0131n\u0131n ikinci d\u00f6neminde okul \u00e7evrelerindeki g\u00fcvenlik ve trafik tedbirleri g\u00f6zden ge\u00e7irildi, al\u0131nacak \u00f6nlemler de\u011ferlendirildi. Manisa\u2019da 2025-2026 e\u011fitim \u00f6\u011fretim y\u0131l\u0131n\u0131n ikinci d\u00f6neminin ba\u015flamas\u0131yla birlikte, okul \u00e7evrelerindeki g\u00fcvenlik ve trafik tedbirleri g\u00f6zden ge\u00e7irildi, al\u0131nacak \u00f6nlemler de\u011ferlendirildi. Vali Vahdettin \u00d6zkan, riskli alanlara y\u00f6nelik ilave tedbirlerin hayata ge\u00e7irilece\u011fini belirterek,&#8230;<\/p>\n","protected":false},"author":1,"featured_media":84981,"comment_status":"open","ping_status":"open","sticky":false,"template":"","format":"standard","meta":{"_crdt_document":"","footnotes":""},"categories":[1],"tags":[],"class_list":["post-84980","post","type-post","status-publish","format-standard","has-post-thumbnail","hentry","category-guncel"],"_links":{"self":[{"href":"https:\/\/www.egemtv.com\/index.php?rest_route=\/wp\/v2\/posts\/84980","targetHints":{"allow":["GET"]}}],"collection":[{"href":"https:\/\/www.egemtv.com\/index.php?rest_route=\/wp\/v2\/posts"}],"about":[{"href":"https:\/\/www.egemtv.com\/index.php?rest_route=\/wp\/v2\/types\/post"}],"author":[{"embeddable":true,"href":"https:\/\/www.egemtv.com\/index.php?rest_route=\/wp\/v2\/users\/1"}],"replies":[{"embeddable":true,"href":"https:\/\/www.egemtv.com\/index.php?rest_route=%2Fwp%2Fv2%2Fcomments&post=84980"}],"version-history":[{"count":1,"href":"https:\/\/www.egemtv.com\/index.php?rest_route=\/wp\/v2\/posts\/84980\/revisions"}],"predecessor-version":[{"id":84982,"href":"https:\/\/www.egemtv.com\/index.php?rest_route=\/wp\/v2\/posts\/84980\/revisions\/84982"}],"wp:featuredmedia":[{"embeddable":true,"href":"https:\/\/www.egemtv.com\/index.php?rest_route=\/wp\/v2\/media\/84981"}],"wp:attachment":[{"href":"https:\/\/www.egemtv.com\/index.php?rest_route=%2Fwp%2Fv2%2Fmedia&parent=84980"}],"wp:term":[{"taxonomy":"category","embeddable":true,"href":"https:\/\/www.egemtv.com\/index.php?rest_route=%2Fwp%2Fv2%2Fcategories&post=84980"},{"taxonomy":"post_tag","embeddable":true,"href":"https:\/\/www.egemtv.com\/index.php?rest_route=%2Fwp%2Fv2%2Ftags&post=84980"}],"curies":[{"name":"wp","href":"https:\/\/api.w.org\/{rel}","templated":true}]}}