{"id":84977,"date":"2026-02-03T10:35:32","date_gmt":"2026-02-03T07:35:32","guid":{"rendered":"https:\/\/www.egemtv.com\/?p=84977"},"modified":"2026-02-03T10:35:32","modified_gmt":"2026-02-03T07:35:32","slug":"goztepede-olaitan-besiktas-yolunda","status":"publish","type":"post","link":"https:\/\/www.egemtv.com\/?p=84977","title":{"rendered":"G\u00f6ztepe\u2019de Olaitan Be\u015fikta\u015f yolunda"},"content":{"rendered":"<p>G\u00f6ztepe\u2019de Junior Olaitan Be\u015fikta\u015f ile her konuda anla\u015fmaya var\u0131rken, Rhaldney ise Portekiz temsilcisi Alverca\u2019ya transfer oldu.<br \/>\n<br \/>Transfer d\u00f6neminin kapanmas\u0131na say\u0131l\u0131 g\u00fcnler kala G\u00f6ztepe\u2019de hareketli saatler ya\u015fan\u0131yor. \u0130zmir ekibi, kadrosunu g\u00fc\u00e7lendirme \u00e7al\u0131\u015fmalar\u0131 kapsam\u0131nda ilk olarak orta sahaya takviye yaparak \u0130svi\u00e7reli futbolcu Alexis Antunes\u2019i renklerine ba\u011flarken, ard\u0131ndan h\u00fccum hatt\u0131n\u0131 Brezilya ekibi Ceara Sporting\u2019den 20 ya\u015f\u0131ndaki golc\u00fc Guilherme Luiz ve Ponte Preta formas\u0131 giyen 26 ya\u015f\u0131ndaki forvet Jeferson Marinho dos Santos ile g\u00fc\u00e7lendirdi. Sar\u0131-k\u0131rm\u0131z\u0131l\u0131lar ayr\u0131ca kaleci rotasyonuna, Kayserispor altyap\u0131s\u0131ndan yeti\u015fen 2005 do\u011fumlu \u015eamil \u00d6zt\u00fcrk\u2019\u00fc dahil etti.<br \/>\n<br \/>\u00d6te yandan kadroda ayr\u0131l\u0131klar da pe\u015f pe\u015fe geliyor. Ge\u00e7ti\u011fimiz g\u00fcnlerde Ahmed Ild\u0131z ve Ruan ile yollar\u0131n\u0131 ay\u0131ran sar\u0131-k\u0131rm\u0131z\u0131l\u0131lar, \u015fimdi iki oyuncusuyla daha vedala\u015fmaya haz\u0131rlan\u0131yor. Deneyimli orta saha oyuncusu Rhaldney, Portekiz ekibi Alverca\u2019ya sat\u0131n alma opsiyonuyla kiralan\u0131rken, Junior Olaitan ise Be\u015fikta\u015f ile her konuda anla\u015fma sa\u011flad\u0131. G\u00f6ztepe\u2019nin, Olaitan transferinin resmiyete kavu\u015fmas\u0131 i\u00e7in siyah-beyazl\u0131 kul\u00fcple g\u00f6r\u00fc\u015fmelerini s\u00fcrd\u00fcrd\u00fc\u011f\u00fc ve son detaylar\u0131n ard\u0131ndan imzalar\u0131n at\u0131lmas\u0131n\u0131n beklendi\u011fi \u00f6\u011frenildi.<br \/>\n<br \/>Bu geli\u015fmelerle birlikte G\u00f6ztepe\u2019de transfer d\u00f6neminin son g\u00fcnlerinde iki ayr\u0131l\u0131\u011f\u0131n birden ya\u015fanmas\u0131 bekleniyor.<\/p>\n<p>Musah Mohammed, G\u00f6ztepe\u2019de<br \/>\n<br \/>G\u00f6ztepe, orta saha hatt\u0131n\u0131 Bodrum FK formas\u0131 giyen Musah Mohammed ile g\u00fc\u00e7lendirmeye haz\u0131rlan\u0131yor. Sar\u0131-k\u0131rm\u0131z\u0131l\u0131lar, hem kul\u00fcp hem de oyuncu taraf\u0131yla her konuda anla\u015fma sa\u011flad\u0131. Son p\u00fcr\u00fczlerin giderilmesinin ard\u0131ndan 23 ya\u015f\u0131ndaki Ganal\u0131 futbolcunun g\u00fcn i\u00e7inde \u0130zmir\u2019e gelerek sa\u011fl\u0131k kontrollerinden ge\u00e7mesi bekleniyor. Bu transferle birlikte G\u00f6ztepe, Rhaldney\u2019in bo\u015flu\u011funu Musah Mohammed ile doldurmu\u015f olacak.<br \/><\/p>\n","protected":false},"excerpt":{"rendered":"<p>G\u00f6ztepe\u2019de Junior Olaitan Be\u015fikta\u015f ile her konuda anla\u015fmaya var\u0131rken, Rhaldney ise Portekiz temsilcisi Alverca\u2019ya transfer oldu. Transfer d\u00f6neminin kapanmas\u0131na say\u0131l\u0131 g\u00fcnler kala G\u00f6ztepe\u2019de hareketli saatler ya\u015fan\u0131yor. \u0130zmir ekibi, kadrosunu g\u00fc\u00e7lendirme \u00e7al\u0131\u015fmalar\u0131 kapsam\u0131nda ilk olarak orta sahaya takviye yaparak \u0130svi\u00e7reli futbolcu Alexis Antunes\u2019i renklerine ba\u011flarken, ard\u0131ndan h\u00fccum hatt\u0131n\u0131 Brezilya ekibi Ceara Sporting\u2019den 20 ya\u015f\u0131ndaki golc\u00fc Guilherme&#8230;<\/p>\n","protected":false},"author":1,"featured_media":84978,"comment_status":"open","ping_status":"open","sticky":false,"template":"","format":"standard","meta":{"_crdt_document":"","footnotes":""},"categories":[4],"tags":[],"class_list":["post-84977","post","type-post","status-publish","format-standard","has-post-thumbnail","hentry","category-spor"],"_links":{"self":[{"href":"https:\/\/www.egemtv.com\/index.php?rest_route=\/wp\/v2\/posts\/84977","targetHints":{"allow":["GET"]}}],"collection":[{"href":"https:\/\/www.egemtv.com\/index.php?rest_route=\/wp\/v2\/posts"}],"about":[{"href":"https:\/\/www.egemtv.com\/index.php?rest_route=\/wp\/v2\/types\/post"}],"author":[{"embeddable":true,"href":"https:\/\/www.egemtv.com\/index.php?rest_route=\/wp\/v2\/users\/1"}],"replies":[{"embeddable":true,"href":"https:\/\/www.egemtv.com\/index.php?rest_route=%2Fwp%2Fv2%2Fcomments&post=84977"}],"version-history":[{"count":1,"href":"https:\/\/www.egemtv.com\/index.php?rest_route=\/wp\/v2\/posts\/84977\/revisions"}],"predecessor-version":[{"id":84979,"href":"https:\/\/www.egemtv.com\/index.php?rest_route=\/wp\/v2\/posts\/84977\/revisions\/84979"}],"wp:featuredmedia":[{"embeddable":true,"href":"https:\/\/www.egemtv.com\/index.php?rest_route=\/wp\/v2\/media\/84978"}],"wp:attachment":[{"href":"https:\/\/www.egemtv.com\/index.php?rest_route=%2Fwp%2Fv2%2Fmedia&parent=84977"}],"wp:term":[{"taxonomy":"category","embeddable":true,"href":"https:\/\/www.egemtv.com\/index.php?rest_route=%2Fwp%2Fv2%2Fcategories&post=84977"},{"taxonomy":"post_tag","embeddable":true,"href":"https:\/\/www.egemtv.com\/index.php?rest_route=%2Fwp%2Fv2%2Ftags&post=84977"}],"curies":[{"name":"wp","href":"https:\/\/api.w.org\/{rel}","templated":true}]}}