{"id":84974,"date":"2026-02-03T10:35:31","date_gmt":"2026-02-03T07:35:31","guid":{"rendered":"https:\/\/www.egemtv.com\/?p=84974"},"modified":"2026-02-03T10:35:31","modified_gmt":"2026-02-03T07:35:31","slug":"izmir-ekonomide-dev-bulusma-5-gunluk-kariyer-zirvesi","status":"publish","type":"post","link":"https:\/\/www.egemtv.com\/?p=84974","title":{"rendered":"\u0130zmir Ekonomi\u2019de dev bulu\u015fma: 5 g\u00fcnl\u00fck \u2018kariyer\u2019 zirvesi"},"content":{"rendered":"<p>\u0130zmir Ekonomi \u00dcniversitesi (\u0130E\u00dc), \u00f6\u011frencilerine ve mezunlar\u0131na yeni i\u015f f\u0131rsatlar\u0131 sunmak hedefiyle 5 g\u00fcn s\u00fcrecek \u2018Kariyer Fuar\u0131\u2019 d\u00fczenleyecek. Teknoloji, tekstil, sa\u011fl\u0131k, ileti\u015fim ve turizm gibi farkl\u0131 sekt\u00f6rlerden tam 119 firman\u0131n kat\u0131laca\u011f\u0131 fuarda gen\u00e7ler, \u00e7al\u0131\u015fmak istedikleri \u015firketlerin temsilcileriyle tan\u0131\u015fma, y\u00fcz y\u00fcze \u00f6zel g\u00f6r\u00fc\u015fmeler yapma ve CV\u2019lerini b\u0131rakma \u015fans\u0131 yakalayacak. 9-13 Mart tarihleri aras\u0131nda en az 15 bin ki\u015finin kat\u0131l\u0131m\u0131yla ger\u00e7ekle\u015fmesi beklenen fuar, sadece \u0130E\u00dc \u00f6\u011frencilerine ve mezunlar\u0131na a\u00e7\u0131k olacak.<br \/>\n<br \/>\u0130E\u00dc Kariyer Y\u00f6nlendirme Merkezi ve Mezunlarla \u0130li\u015fkiler Ofisi i\u015f birli\u011fiyle d\u00fczenlenecek Kariyer Fuar\u0131\u2019na kat\u0131lacak gen\u00e7ler, profesyonel insan kaynaklar\u0131 y\u00f6neticileriyle bir araya gelerek i\u015f g\u00f6r\u00fc\u015fmesinde nelere dikkat etmeleri gerekti\u011fi konusunda da \u00f6zel bilgiler edinecek. Firmalar da arad\u0131klar\u0131 nitelikli ve gen\u00e7 insan g\u00fcc\u00fcne kolayca ula\u015fma, ekiplerini g\u00fc\u00e7lendirme imkan\u0131 bulacak.<\/p>\n<p>&#8220;12 y\u0131l\u0131n rekorunu k\u0131raca\u011f\u0131z&#8221;<br \/>\n<br \/>\u0130E\u00dc \u00d6\u011frenci Dekanl\u0131\u011f\u0131 Mezunlarla \u0130li\u015fkiler Ofisi Koordinat\u00f6r\u00fc \u00d6zge Kula\u00e7o\u011flu, fuar\u0131 12 y\u0131ld\u0131r aral\u0131ks\u0131z d\u00fczenlediklerini belirterek, kat\u0131lan firma say\u0131s\u0131nda ise bu y\u0131l rekor k\u0131rmaya haz\u0131rland\u0131klar\u0131n\u0131 dile getirdi. T\u00fcrkiye\u2019nin yan\u0131 s\u0131ra uluslararas\u0131 alanda da faaliyet g\u00f6steren b\u00fcy\u00fck markalar\u0131 kamp\u00fcste konuk edeceklerini m\u00fcjdeleyen Kula\u00e7o\u011flu, daha \u00f6nce fuarda yer almayan yakla\u015f\u0131k 50 firman\u0131n bu y\u0131l kendileriyle birlikte olaca\u011f\u0131n\u0131 s\u00f6yledi. Kula\u00e7o\u011flu, &#8220;\u00d6\u011frencilerimizin mezuniyet sonras\u0131 ya\u015famlar\u0131na g\u00fc\u00e7l\u00fc, bilin\u00e7li ve \u00f6zg\u00fcvenli bir \u015fekilde ad\u0131m atmalar\u0131n\u0131 son derece \u00f6nemsiyoruz. Bu anlay\u0131\u015fla hayata ge\u00e7irdi\u011fimiz Kariyer Fuar\u0131, gen\u00e7lerimizin kariyer yolculuklar\u0131nda \u00f6nemli bir d\u00f6n\u00fcm noktas\u0131 niteli\u011fi ta\u015f\u0131yor. Fuar deneyimi; \u00f6\u011frencilerimizin kariyer hedeflerini netle\u015ftirmeleri, eksik y\u00f6nlerini g\u00f6rmeleri ve kendilerini geli\u015ftirmeleri gereken alanlar\u0131 daha erken fark etmeleri a\u00e7\u0131s\u0131ndan da b\u00fcy\u00fck \u00f6nem ta\u015f\u0131yor&#8221; ifadelerini kulland\u0131.<\/p>\n<p>&#8220;\u0130\u015f d\u00fcnyas\u0131n\u0131 yak\u0131ndan takip ediyoruz&#8221;<br \/>\n<br \/>\u0130zmir Ekonomi \u00dcniversitesi\u2019nin yenilik\u00e7i yakla\u015f\u0131m\u0131na da de\u011finen Kula\u00e7o\u011flu, &#8220;\u00dcniversite olarak de\u011fi\u015fen i\u015f d\u00fcnyas\u0131n\u0131 yak\u0131ndan takip ediyor, \u00f6\u011frencilerimizin ihtiya\u00e7lar\u0131na g\u00f6re s\u00fcrekli yeni uygulamalar ve f\u0131rsatlar geli\u015ftiriyoruz. Kariyer Fuar\u0131 da bu vizyonun en somut \u00f6rneklerinden biri. Amac\u0131m\u0131z, gen\u00e7lerimizi yaln\u0131zca diploma sahibi bireyler olarak de\u011fil; sekt\u00f6rleri tan\u0131yan, kendini ifade edebilen ve gelece\u011fe haz\u0131r profesyoneller olarak mezun etmek. \u00dcniversitemiz, bug\u00fcn oldu\u011fu gibi gelecekte de \u00f6\u011frencileri ve mezunlar\u0131 i\u00e7in yenilik\u00e7i projeler \u00fcretmeye, sekt\u00f6r i\u015f birli\u011fini g\u00fc\u00e7lendirmeye ve gen\u00e7lerin kariyer yolculuklar\u0131na e\u015flik etmeye devam edecek&#8221; diye konu\u015ftu.<br \/><\/p>\n","protected":false},"excerpt":{"rendered":"<p>\u0130zmir Ekonomi \u00dcniversitesi (\u0130E\u00dc), \u00f6\u011frencilerine ve mezunlar\u0131na yeni i\u015f f\u0131rsatlar\u0131 sunmak hedefiyle 5 g\u00fcn s\u00fcrecek \u2018Kariyer Fuar\u0131\u2019 d\u00fczenleyecek. Teknoloji, tekstil, sa\u011fl\u0131k, ileti\u015fim ve turizm gibi farkl\u0131 sekt\u00f6rlerden tam 119 firman\u0131n kat\u0131laca\u011f\u0131 fuarda gen\u00e7ler, \u00e7al\u0131\u015fmak istedikleri \u015firketlerin temsilcileriyle tan\u0131\u015fma, y\u00fcz y\u00fcze \u00f6zel g\u00f6r\u00fc\u015fmeler yapma ve CV\u2019lerini b\u0131rakma \u015fans\u0131 yakalayacak. 9-13 Mart tarihleri aras\u0131nda en az 15&#8230;<\/p>\n","protected":false},"author":1,"featured_media":84975,"comment_status":"open","ping_status":"open","sticky":false,"template":"","format":"standard","meta":{"_crdt_document":"","footnotes":""},"categories":[1],"tags":[],"class_list":["post-84974","post","type-post","status-publish","format-standard","has-post-thumbnail","hentry","category-guncel"],"_links":{"self":[{"href":"https:\/\/www.egemtv.com\/index.php?rest_route=\/wp\/v2\/posts\/84974","targetHints":{"allow":["GET"]}}],"collection":[{"href":"https:\/\/www.egemtv.com\/index.php?rest_route=\/wp\/v2\/posts"}],"about":[{"href":"https:\/\/www.egemtv.com\/index.php?rest_route=\/wp\/v2\/types\/post"}],"author":[{"embeddable":true,"href":"https:\/\/www.egemtv.com\/index.php?rest_route=\/wp\/v2\/users\/1"}],"replies":[{"embeddable":true,"href":"https:\/\/www.egemtv.com\/index.php?rest_route=%2Fwp%2Fv2%2Fcomments&post=84974"}],"version-history":[{"count":1,"href":"https:\/\/www.egemtv.com\/index.php?rest_route=\/wp\/v2\/posts\/84974\/revisions"}],"predecessor-version":[{"id":84976,"href":"https:\/\/www.egemtv.com\/index.php?rest_route=\/wp\/v2\/posts\/84974\/revisions\/84976"}],"wp:featuredmedia":[{"embeddable":true,"href":"https:\/\/www.egemtv.com\/index.php?rest_route=\/wp\/v2\/media\/84975"}],"wp:attachment":[{"href":"https:\/\/www.egemtv.com\/index.php?rest_route=%2Fwp%2Fv2%2Fmedia&parent=84974"}],"wp:term":[{"taxonomy":"category","embeddable":true,"href":"https:\/\/www.egemtv.com\/index.php?rest_route=%2Fwp%2Fv2%2Fcategories&post=84974"},{"taxonomy":"post_tag","embeddable":true,"href":"https:\/\/www.egemtv.com\/index.php?rest_route=%2Fwp%2Fv2%2Ftags&post=84974"}],"curies":[{"name":"wp","href":"https:\/\/api.w.org\/{rel}","templated":true}]}}