{"id":84971,"date":"2026-02-03T10:35:30","date_gmt":"2026-02-03T07:35:30","guid":{"rendered":"https:\/\/www.egemtv.com\/?p=84971"},"modified":"2026-02-03T10:35:30","modified_gmt":"2026-02-03T07:35:30","slug":"tdv-denizli-arama-kurtarma-ekibi-gucleniyor","status":"publish","type":"post","link":"https:\/\/www.egemtv.com\/?p=84971","title":{"rendered":"TDV Denizli Arama Kurtarma ekibi g\u00fc\u00e7leniyor"},"content":{"rendered":"<p>T\u00fcrkiye Diyanet Vakf\u0131 Denizli \u015eubesi Arama Kurtarma Ekibi\u2019nin elbise da\u011f\u0131t\u0131m t\u00f6renine kat\u0131lan \u0130l M\u00fcft\u00fcs\u00fc Abdullah Pamuklu, ekibin AFAD akreditasyonuna sahip oldu\u011funu vurgulayarak, hedeflerinin Orta Seviye Arama Kurtarma yeterlili\u011fine ula\u015fmak oldu\u011funu s\u00f6yledi.<\/p>\n<p>T\u00fcrkiye Diyanet Vakf\u0131 (TDV) Denizli \u015eubesi Arama Kurtarma Ekibi taraf\u0131ndan, ekibe yeni kat\u0131lan g\u00f6n\u00fcll\u00fcler i\u00e7in haz\u0131rlanan arama kurtarma k\u0131yafetlerinin teslim t\u00f6reni ger\u00e7ekle\u015ftirildi. Bah\u00e7elievler Merkez Camii yerle\u015fkesinde olu\u015fturulan Arama Kurtarma Operasyon Merkezi\u2019nde d\u00fczenlenen programa, Denizli \u0130l M\u00fcft\u00fcs\u00fc ve T\u00fcrkiye Diyanet Vakf\u0131 Denizli \u015eubesi Ba\u015fkan\u0131 Abdullah Pamuklu kat\u0131ld\u0131. T\u00f6rende konu\u015fan \u0130l M\u00fcft\u00fcs\u00fc Abdullah Pamuklu, TDV Denizli Arama Kurtarma Ekibi\u2019nin 19 Ekim 2023 tarihinde AFAD taraf\u0131ndan Hafif Seviye Arama Kurtarma akreditasyonu ald\u0131\u011f\u0131n\u0131 hat\u0131rlatarak, bu ba\u015far\u0131n\u0131n disiplinli ve kararl\u0131 \u00e7al\u0131\u015fmalar\u0131n bir sonucu oldu\u011funu ifade etti. Pamuklu, &#8220;Hedefimiz Orta Seviye Arama Kurtarma yeterlili\u011fine ula\u015fmak. Bu do\u011frultuda e\u011fitim ve haz\u0131rl\u0131k \u00e7al\u0131\u015fmalar\u0131m\u0131za aral\u0131ks\u0131z devam ediyoruz&#8221; dedi.<\/p>\n<p>Bu kapsamda ekibe yeni kat\u0131lan 60 g\u00f6n\u00fcll\u00fc i\u00e7in haz\u0131rlanan arama kurtarma k\u0131yafetlerinin teslim edildi\u011fini belirten Pamuklu, ekipman ve donan\u0131m\u0131n arama kurtarma faaliyetlerinde hayati \u00f6neme sahip oldu\u011funa dikkat \u00e7ekti. Konu\u015fmas\u0131nda arama kurtarma \u00e7al\u0131\u015fmalar\u0131n\u0131n insan hayat\u0131n\u0131 merkeze alan kutsal bir g\u00f6rev oldu\u011funu vurgulayan Pamuklu, afetlere haz\u0131rl\u0131kl\u0131 olman\u0131n yaln\u0131zca kurumlar\u0131n de\u011fil, bireylerin de sorumlulu\u011fu oldu\u011funu s\u00f6yledi. G\u00f6n\u00fcll\u00fcl\u00fck esas\u0131na dayal\u0131 bu \u00e7al\u0131\u015fmalar\u0131n toplumsal dayan\u0131\u015fma ve yard\u0131mla\u015fma ruhunu g\u00fc\u00e7lendirdi\u011fini ifade eden Pamuklu, Denizli M\u00fcft\u00fcl\u00fc\u011f\u00fc \u2019n\u00fcn AFAD \u00e7al\u0131\u015fmalar\u0131 konusunda \u00f6nc\u00fc bir konumda bulundu\u011funu dile getirdi. M\u00fcft\u00fc Pamuklu, TDV Denizli Arama Kurtarma Ekibi\u2019nin yaln\u0131zca sahada de\u011fil, e\u011fitim alan\u0131nda da \u00f6nemli bir rol \u00fcstlendi\u011fini belirterek, &#8220;Ekip i\u00e7inden yeti\u015fen e\u011fitici kadromuzla, di\u011fer kurumlara da e\u011fitim deste\u011fi veriyoruz. Bu y\u00f6n\u00fcyle Denizli, T\u00fcrkiye genelinde \u00f6rnek bir m\u00fcft\u00fcl\u00fck konumundad\u0131r&#8221; diye konu\u015ftu.<\/p>\n<p>Afet fark\u0131ndal\u0131\u011f\u0131, ilk yard\u0131m ve temel sa\u011fl\u0131k e\u011fitimlerinin Kur\u2019an kurslar\u0131 ve yaz kurslar\u0131 d\u00e2hil olmak \u00fczere yayg\u0131nla\u015ft\u0131r\u0131ld\u0131\u011f\u0131n\u0131 belirten Pamuklu, bu e\u011fitimlerin basit gibi g\u00f6r\u00fcnse de kriz anlar\u0131nda hayat kurtard\u0131\u011f\u0131n\u0131 vurgulad\u0131. E\u011fitimli ve donan\u0131ml\u0131 ekiplerin afet anlar\u0131nda hayati roller \u00fcstlendi\u011fini ifade eden Pamuklu, fedak\u00e2rca g\u00f6rev yapan t\u00fcm g\u00f6n\u00fcll\u00fclere ve eme\u011fi ge\u00e7enlere te\u015fekk\u00fcr etti. T\u00f6ren, g\u00f6n\u00fcll\u00fclere k\u0131yafetlerin teslim edilmesiyle sona erdi.<br \/><\/p>\n","protected":false},"excerpt":{"rendered":"<p>T\u00fcrkiye Diyanet Vakf\u0131 Denizli \u015eubesi Arama Kurtarma Ekibi\u2019nin elbise da\u011f\u0131t\u0131m t\u00f6renine kat\u0131lan \u0130l M\u00fcft\u00fcs\u00fc Abdullah Pamuklu, ekibin AFAD akreditasyonuna sahip oldu\u011funu vurgulayarak, hedeflerinin Orta Seviye Arama Kurtarma yeterlili\u011fine ula\u015fmak oldu\u011funu s\u00f6yledi. T\u00fcrkiye Diyanet Vakf\u0131 (TDV) Denizli \u015eubesi Arama Kurtarma Ekibi taraf\u0131ndan, ekibe yeni kat\u0131lan g\u00f6n\u00fcll\u00fcler i\u00e7in haz\u0131rlanan arama kurtarma k\u0131yafetlerinin teslim t\u00f6reni ger\u00e7ekle\u015ftirildi. Bah\u00e7elievler Merkez&#8230;<\/p>\n","protected":false},"author":1,"featured_media":84972,"comment_status":"open","ping_status":"open","sticky":false,"template":"","format":"standard","meta":{"_crdt_document":"","footnotes":""},"categories":[5],"tags":[],"class_list":["post-84971","post","type-post","status-publish","format-standard","has-post-thumbnail","hentry","category-asayis"],"_links":{"self":[{"href":"https:\/\/www.egemtv.com\/index.php?rest_route=\/wp\/v2\/posts\/84971","targetHints":{"allow":["GET"]}}],"collection":[{"href":"https:\/\/www.egemtv.com\/index.php?rest_route=\/wp\/v2\/posts"}],"about":[{"href":"https:\/\/www.egemtv.com\/index.php?rest_route=\/wp\/v2\/types\/post"}],"author":[{"embeddable":true,"href":"https:\/\/www.egemtv.com\/index.php?rest_route=\/wp\/v2\/users\/1"}],"replies":[{"embeddable":true,"href":"https:\/\/www.egemtv.com\/index.php?rest_route=%2Fwp%2Fv2%2Fcomments&post=84971"}],"version-history":[{"count":1,"href":"https:\/\/www.egemtv.com\/index.php?rest_route=\/wp\/v2\/posts\/84971\/revisions"}],"predecessor-version":[{"id":84973,"href":"https:\/\/www.egemtv.com\/index.php?rest_route=\/wp\/v2\/posts\/84971\/revisions\/84973"}],"wp:featuredmedia":[{"embeddable":true,"href":"https:\/\/www.egemtv.com\/index.php?rest_route=\/wp\/v2\/media\/84972"}],"wp:attachment":[{"href":"https:\/\/www.egemtv.com\/index.php?rest_route=%2Fwp%2Fv2%2Fmedia&parent=84971"}],"wp:term":[{"taxonomy":"category","embeddable":true,"href":"https:\/\/www.egemtv.com\/index.php?rest_route=%2Fwp%2Fv2%2Fcategories&post=84971"},{"taxonomy":"post_tag","embeddable":true,"href":"https:\/\/www.egemtv.com\/index.php?rest_route=%2Fwp%2Fv2%2Ftags&post=84971"}],"curies":[{"name":"wp","href":"https:\/\/api.w.org\/{rel}","templated":true}]}}