{"id":84968,"date":"2026-02-03T10:14:57","date_gmt":"2026-02-03T07:14:57","guid":{"rendered":"https:\/\/www.egemtv.com\/?p=84968"},"modified":"2026-02-03T10:14:58","modified_gmt":"2026-02-03T07:14:58","slug":"selendi-devlet-hastanesinde-dahiliye-uzmani-goreve-basladi","status":"publish","type":"post","link":"https:\/\/www.egemtv.com\/?p=84968","title":{"rendered":"Selendi Devlet Hastanesi\u2019nde dahiliye uzman\u0131 g\u00f6reve ba\u015flad\u0131"},"content":{"rendered":"<p>Manisa\u2019n\u0131n Selendi il\u00e7esine atanan \u0130\u00e7 Hastal\u0131klar\u0131 Uzman\u0131 Uzm. Dr. Ezgi Bekta\u015f, Selendi Devlet Hastanesi\u2019nde hasta kabul\u00fcne ba\u015flad\u0131.<br \/>\n<br \/>Selendi Devlet Hastanesi\u2019ne atanarak g\u00f6revine ba\u015flayan \u0130\u00e7 Hastal\u0131klar\u0131 (Dahiliye) Uzman\u0131 Ezgi Bekta\u015f, hasta kabul\u00fcne ba\u015flad\u0131. \u0130stanbul \u015ei\u015fli\u2019de do\u011fan Uzm. Dr. Bekta\u015f, ilk ve orta \u00f6\u011frenimini \u0130stanbul\u2019da tamamlad\u0131. Ni\u015fanta\u015f\u0131 Nuri Ak\u0131n Anadolu Lisesi\u2019nden mezun olduktan sonra Maltepe \u00dcniversitesi T\u0131p Fak\u00fcltesi\u2019ni 2019 y\u0131l\u0131nda bitirdi.<br \/>\n<br \/>2019\u20132021 y\u0131llar\u0131 aras\u0131nda \u00dcmraniye E\u011fitim ve Ara\u015ft\u0131rma Hastanesi\u2019nde pratisyen hekim olarak g\u00f6rev yapan Bekta\u015f, T\u0131pta Uzmanl\u0131k S\u0131nav\u0131\u2019n\u0131 (TUS) kazanarak 2021 y\u0131l\u0131nda \u0130stanbul E\u011fitim ve Ara\u015ft\u0131rma Hastanesi\u2019nde \u0130\u00e7 Hastal\u0131klar\u0131 ihtisas\u0131na ba\u015flad\u0131. Uzmanl\u0131k e\u011fitimini Kas\u0131m 2025\u2019te tamamlad\u0131.<br \/>\n<br \/>Mecburi hizmet kapsam\u0131nda Selendi Devlet Hastanesi\u2019ne atanan Uzm. Dr. Bekta\u015f, g\u00f6reve ba\u015flamas\u0131n\u0131n ard\u0131ndan yapt\u0131\u011f\u0131 a\u00e7\u0131klamada, &#8220;Uzman hekim olarak ilk g\u00f6rev yerim olan Selendi\u2019de hizmet vermekten mutluluk duyuyorum. Selendi halk\u0131n\u0131n samimi ve m\u00fctevaz\u0131 yakla\u015f\u0131m\u0131 beni ayr\u0131ca memnun etti. G\u00f6rev s\u00fcrem boyunca bilimsel ve etik ilkeler do\u011frultusunda en iyi sa\u011fl\u0131k hizmetini sunmay\u0131 s\u00fcrd\u00fcrece\u011fim&#8221; ifadelerini kulland\u0131.<br \/><\/p>\n","protected":false},"excerpt":{"rendered":"<p>Manisa\u2019n\u0131n Selendi il\u00e7esine atanan \u0130\u00e7 Hastal\u0131klar\u0131 Uzman\u0131 Uzm. Dr. Ezgi Bekta\u015f, Selendi Devlet Hastanesi\u2019nde hasta kabul\u00fcne ba\u015flad\u0131. Selendi Devlet Hastanesi\u2019ne atanarak g\u00f6revine ba\u015flayan \u0130\u00e7 Hastal\u0131klar\u0131 (Dahiliye) Uzman\u0131 Ezgi Bekta\u015f, hasta kabul\u00fcne ba\u015flad\u0131. \u0130stanbul \u015ei\u015fli\u2019de do\u011fan Uzm. Dr. Bekta\u015f, ilk ve orta \u00f6\u011frenimini \u0130stanbul\u2019da tamamlad\u0131. Ni\u015fanta\u015f\u0131 Nuri Ak\u0131n Anadolu Lisesi\u2019nden mezun olduktan sonra Maltepe \u00dcniversitesi T\u0131p&#8230;<\/p>\n","protected":false},"author":1,"featured_media":84969,"comment_status":"open","ping_status":"open","sticky":false,"template":"","format":"standard","meta":{"_crdt_document":"","footnotes":""},"categories":[2],"tags":[],"class_list":["post-84968","post","type-post","status-publish","format-standard","has-post-thumbnail","hentry","category-saglik"],"_links":{"self":[{"href":"https:\/\/www.egemtv.com\/index.php?rest_route=\/wp\/v2\/posts\/84968","targetHints":{"allow":["GET"]}}],"collection":[{"href":"https:\/\/www.egemtv.com\/index.php?rest_route=\/wp\/v2\/posts"}],"about":[{"href":"https:\/\/www.egemtv.com\/index.php?rest_route=\/wp\/v2\/types\/post"}],"author":[{"embeddable":true,"href":"https:\/\/www.egemtv.com\/index.php?rest_route=\/wp\/v2\/users\/1"}],"replies":[{"embeddable":true,"href":"https:\/\/www.egemtv.com\/index.php?rest_route=%2Fwp%2Fv2%2Fcomments&post=84968"}],"version-history":[{"count":1,"href":"https:\/\/www.egemtv.com\/index.php?rest_route=\/wp\/v2\/posts\/84968\/revisions"}],"predecessor-version":[{"id":84970,"href":"https:\/\/www.egemtv.com\/index.php?rest_route=\/wp\/v2\/posts\/84968\/revisions\/84970"}],"wp:featuredmedia":[{"embeddable":true,"href":"https:\/\/www.egemtv.com\/index.php?rest_route=\/wp\/v2\/media\/84969"}],"wp:attachment":[{"href":"https:\/\/www.egemtv.com\/index.php?rest_route=%2Fwp%2Fv2%2Fmedia&parent=84968"}],"wp:term":[{"taxonomy":"category","embeddable":true,"href":"https:\/\/www.egemtv.com\/index.php?rest_route=%2Fwp%2Fv2%2Fcategories&post=84968"},{"taxonomy":"post_tag","embeddable":true,"href":"https:\/\/www.egemtv.com\/index.php?rest_route=%2Fwp%2Fv2%2Ftags&post=84968"}],"curies":[{"name":"wp","href":"https:\/\/api.w.org\/{rel}","templated":true}]}}