{"id":84965,"date":"2026-02-03T10:14:55","date_gmt":"2026-02-03T07:14:55","guid":{"rendered":"https:\/\/www.egemtv.com\/?p=84965"},"modified":"2026-02-03T10:14:56","modified_gmt":"2026-02-03T07:14:56","slug":"buharkent-belediyesinden-yol-calismalarina-iliskin-aciklama","status":"publish","type":"post","link":"https:\/\/www.egemtv.com\/?p=84965","title":{"rendered":"Buharkent Belediyesi\u2019nden \u2019yol \u00e7al\u0131\u015fmalar\u0131na\u2019 ili\u015fkin a\u00e7\u0131klama"},"content":{"rendered":"<p>Buharkent Belediyesi, altyap\u0131 \u00e7al\u0131\u015fmalar\u0131 sonras\u0131 baz\u0131 cadde ve sokaklarda olu\u015fan yol bozulmalar\u0131na ili\u015fkin yapt\u0131\u011f\u0131 a\u00e7\u0131klamada, olumsuz hava \u015fartlar\u0131 ve devam eden altyap\u0131 \u00e7al\u0131\u015fmalar\u0131 nedeniyle kal\u0131c\u0131 asfalt uygulamalar\u0131na hen\u00fcz ba\u015flanamad\u0131\u011f\u0131n\u0131 bildirdi.<\/p>\n<p>Buharkent Belediyesi, il\u00e7ede altyap\u0131 \u00e7al\u0131\u015fmalar\u0131 sonras\u0131nda baz\u0131 cadde ve sokaklarda meydana gelen yol bozulmalar\u0131yla ilgili vatanda\u015flardan gelen geri bildirimlerin yak\u0131ndan takip edildi\u011fini a\u00e7\u0131klad\u0131. Belediye taraf\u0131ndan yap\u0131lan a\u00e7\u0131klamada, s\u00f6z konusu yollar\u0131n tadilat\u0131 ve yeniden yap\u0131lmas\u0131 i\u00e7in y\u00fcklenici firma ile anla\u015fma sa\u011fland\u0131\u011f\u0131 ancak yakla\u015f\u0131k bir ayd\u0131r devam eden olumsuz hava \u015fartlar\u0131 nedeniyle \u00e7al\u0131\u015fmalara ba\u015flanamad\u0131\u011f\u0131 belirtildi. Ya\u011f\u0131\u015fl\u0131 havan\u0131n, kal\u0131c\u0131 asfalt ve zemin uygulamalar\u0131na teknik olarak imkan vermedi\u011fi vurguland\u0131. Ayr\u0131ca yap\u0131lan teknik de\u011ferlendirmeler sonucunda, do\u011falgaz altyap\u0131 \u00e7al\u0131\u015fmalar\u0131n\u0131n bulundu\u011fu noktalarda yol yap\u0131m i\u015flemlerinin uygun olmad\u0131\u011f\u0131, bu nedenle t\u00fcm altyap\u0131 \u00e7al\u0131\u015fmalar\u0131n\u0131n tamamlanmas\u0131n\u0131n ard\u0131ndan kal\u0131c\u0131 yol yap\u0131m\u0131na ge\u00e7ilmesinin kararla\u015ft\u0131r\u0131ld\u0131\u011f\u0131 ifade edildi. A\u00e7\u0131klamada, bu s\u00fcre\u00e7te Buharkent Belediyesi taraf\u0131ndan ge\u00e7ici d\u00fczenlemelerin yap\u0131ld\u0131\u011f\u0131, hava \u015fartlar\u0131n\u0131n d\u00fczelmesiyle birlikte yollar\u0131n y\u00fcklenici firma taraf\u0131ndan ivedilikle ve kal\u0131c\u0131 \u015fekilde tamamlanaca\u011f\u0131 kaydedildi.<br \/><\/p>\n","protected":false},"excerpt":{"rendered":"<p>Buharkent Belediyesi, altyap\u0131 \u00e7al\u0131\u015fmalar\u0131 sonras\u0131 baz\u0131 cadde ve sokaklarda olu\u015fan yol bozulmalar\u0131na ili\u015fkin yapt\u0131\u011f\u0131 a\u00e7\u0131klamada, olumsuz hava \u015fartlar\u0131 ve devam eden altyap\u0131 \u00e7al\u0131\u015fmalar\u0131 nedeniyle kal\u0131c\u0131 asfalt uygulamalar\u0131na hen\u00fcz ba\u015flanamad\u0131\u011f\u0131n\u0131 bildirdi. Buharkent Belediyesi, il\u00e7ede altyap\u0131 \u00e7al\u0131\u015fmalar\u0131 sonras\u0131nda baz\u0131 cadde ve sokaklarda meydana gelen yol bozulmalar\u0131yla ilgili vatanda\u015flardan gelen geri bildirimlerin yak\u0131ndan takip edildi\u011fini a\u00e7\u0131klad\u0131. Belediye taraf\u0131ndan&#8230;<\/p>\n","protected":false},"author":1,"featured_media":84966,"comment_status":"open","ping_status":"open","sticky":false,"template":"","format":"standard","meta":{"_crdt_document":"","footnotes":""},"categories":[1],"tags":[],"class_list":["post-84965","post","type-post","status-publish","format-standard","has-post-thumbnail","hentry","category-guncel"],"_links":{"self":[{"href":"https:\/\/www.egemtv.com\/index.php?rest_route=\/wp\/v2\/posts\/84965","targetHints":{"allow":["GET"]}}],"collection":[{"href":"https:\/\/www.egemtv.com\/index.php?rest_route=\/wp\/v2\/posts"}],"about":[{"href":"https:\/\/www.egemtv.com\/index.php?rest_route=\/wp\/v2\/types\/post"}],"author":[{"embeddable":true,"href":"https:\/\/www.egemtv.com\/index.php?rest_route=\/wp\/v2\/users\/1"}],"replies":[{"embeddable":true,"href":"https:\/\/www.egemtv.com\/index.php?rest_route=%2Fwp%2Fv2%2Fcomments&post=84965"}],"version-history":[{"count":1,"href":"https:\/\/www.egemtv.com\/index.php?rest_route=\/wp\/v2\/posts\/84965\/revisions"}],"predecessor-version":[{"id":84967,"href":"https:\/\/www.egemtv.com\/index.php?rest_route=\/wp\/v2\/posts\/84965\/revisions\/84967"}],"wp:featuredmedia":[{"embeddable":true,"href":"https:\/\/www.egemtv.com\/index.php?rest_route=\/wp\/v2\/media\/84966"}],"wp:attachment":[{"href":"https:\/\/www.egemtv.com\/index.php?rest_route=%2Fwp%2Fv2%2Fmedia&parent=84965"}],"wp:term":[{"taxonomy":"category","embeddable":true,"href":"https:\/\/www.egemtv.com\/index.php?rest_route=%2Fwp%2Fv2%2Fcategories&post=84965"},{"taxonomy":"post_tag","embeddable":true,"href":"https:\/\/www.egemtv.com\/index.php?rest_route=%2Fwp%2Fv2%2Ftags&post=84965"}],"curies":[{"name":"wp","href":"https:\/\/api.w.org\/{rel}","templated":true}]}}