{"id":84962,"date":"2026-02-03T10:14:53","date_gmt":"2026-02-03T07:14:53","guid":{"rendered":"https:\/\/www.egemtv.com\/?p=84962"},"modified":"2026-02-03T10:14:55","modified_gmt":"2026-02-03T07:14:55","slug":"koskte-kiz-hafizlik-kuran-kursu-acilacak","status":"publish","type":"post","link":"https:\/\/www.egemtv.com\/?p=84962","title":{"rendered":"K\u00f6\u015fk\u2019te K\u0131z Haf\u0131zl\u0131k Kur\u2019an Kursu a\u00e7\u0131lacak"},"content":{"rendered":"<p>Ayd\u0131n\u2019\u0131n K\u00f6\u015fk il\u00e7esinde k\u0131z \u00f6\u011frencilere y\u00f6nelik haf\u0131zl\u0131k e\u011fitimi verecek Kur\u2019an kursu a\u00e7\u0131l\u0131yor. Hay\u0131rsever i\u015f insan\u0131 Ahmet Er taraf\u0131ndan ba\u011f\u0131\u015flanan bina, K\u00f6\u015fk \u0130l\u00e7e M\u00fcft\u00fcl\u00fc\u011f\u00fc b\u00fcnyesinde K\u0131z Haf\u0131zl\u0131k Kur\u2019an Kursu olarak hizmet verecek.<\/p>\n<p>K\u00f6\u015fk \u0130l\u00e7e M\u00fcft\u00fcl\u00fc\u011f\u00fc\u2019n\u00fcn giri\u015fimleriyle hayata ge\u00e7irilen K\u00f6\u015fk K\u0131z Haf\u0131zl\u0131k Kur\u2019an Kursu i\u00e7in il\u00e7enin hay\u0131rsever i\u015f insanlar\u0131ndan Ahmet Er taraf\u0131ndan \u00f6nemli bir ba\u011f\u0131\u015fta bulunuldu. Mahmut \u015een Bulvar\u0131 \u00fczerinde yap\u0131m\u0131 devam eden cami in\u015faat\u0131na da destekleriyle bilinen hay\u0131rsever i\u015f insan\u0131 Ahmet Er, bir marketin bulundu\u011fu binay\u0131 K\u00f6\u015fk K\u0131z Haf\u0131zl\u0131k Kur\u2019an Kursu olarak kullan\u0131lmak \u00fczere K\u00f6\u015fk \u0130l\u00e7e M\u00fcft\u00fcl\u00fc\u011f\u00fc\u2019ne ba\u011f\u0131\u015flad\u0131.<\/p>\n<p>Yap\u0131lan ba\u011f\u0131\u015fla birlikte il\u00e7ede haf\u0131zl\u0131k e\u011fitimi alacak k\u0131z \u00f6\u011frenciler i\u00e7in \u00f6nemli bir e\u011fitim merkezi kazand\u0131r\u0131lm\u0131\u015f oldu. K\u00f6\u015fk \u0130l\u00e7e M\u00fcft\u00fcl\u00fc\u011f\u00fc taraf\u0131ndan yap\u0131lan a\u00e7\u0131klamada anlaml\u0131 ba\u011f\u0131\u015f\u0131n ilim ve Kur\u2019an yolunda bir\u00e7ok \u00f6\u011frencinin yeti\u015fmesine vesile olaca\u011f\u0131 belirtilirken, yap\u0131lan hayr\u0131n sadaka-i cariye olarak ba\u011f\u0131\u015f\u00e7\u0131n\u0131n amel defterine yaz\u0131lmas\u0131 temennisinde bulunuldu. A\u00e7\u0131klamada ayr\u0131ca, Ahmet Er\u2019e te\u015fekk\u00fcr edilerek, yap\u0131lan hizmetin K\u00f6\u015fk il\u00e7esine, \u00f6\u011frencilere ve \u0130slam alemine hay\u0131rl\u0131 olmas\u0131 dile\u011finde bulunuldu.<br \/><\/p>\n","protected":false},"excerpt":{"rendered":"<p>Ayd\u0131n\u2019\u0131n K\u00f6\u015fk il\u00e7esinde k\u0131z \u00f6\u011frencilere y\u00f6nelik haf\u0131zl\u0131k e\u011fitimi verecek Kur\u2019an kursu a\u00e7\u0131l\u0131yor. Hay\u0131rsever i\u015f insan\u0131 Ahmet Er taraf\u0131ndan ba\u011f\u0131\u015flanan bina, K\u00f6\u015fk \u0130l\u00e7e M\u00fcft\u00fcl\u00fc\u011f\u00fc b\u00fcnyesinde K\u0131z Haf\u0131zl\u0131k Kur\u2019an Kursu olarak hizmet verecek. K\u00f6\u015fk \u0130l\u00e7e M\u00fcft\u00fcl\u00fc\u011f\u00fc\u2019n\u00fcn giri\u015fimleriyle hayata ge\u00e7irilen K\u00f6\u015fk K\u0131z Haf\u0131zl\u0131k Kur\u2019an Kursu i\u00e7in il\u00e7enin hay\u0131rsever i\u015f insanlar\u0131ndan Ahmet Er taraf\u0131ndan \u00f6nemli bir ba\u011f\u0131\u015fta bulunuldu. Mahmut&#8230;<\/p>\n","protected":false},"author":1,"featured_media":84963,"comment_status":"open","ping_status":"open","sticky":false,"template":"","format":"standard","meta":{"_crdt_document":"","footnotes":""},"categories":[1],"tags":[],"class_list":["post-84962","post","type-post","status-publish","format-standard","has-post-thumbnail","hentry","category-guncel"],"_links":{"self":[{"href":"https:\/\/www.egemtv.com\/index.php?rest_route=\/wp\/v2\/posts\/84962","targetHints":{"allow":["GET"]}}],"collection":[{"href":"https:\/\/www.egemtv.com\/index.php?rest_route=\/wp\/v2\/posts"}],"about":[{"href":"https:\/\/www.egemtv.com\/index.php?rest_route=\/wp\/v2\/types\/post"}],"author":[{"embeddable":true,"href":"https:\/\/www.egemtv.com\/index.php?rest_route=\/wp\/v2\/users\/1"}],"replies":[{"embeddable":true,"href":"https:\/\/www.egemtv.com\/index.php?rest_route=%2Fwp%2Fv2%2Fcomments&post=84962"}],"version-history":[{"count":1,"href":"https:\/\/www.egemtv.com\/index.php?rest_route=\/wp\/v2\/posts\/84962\/revisions"}],"predecessor-version":[{"id":84964,"href":"https:\/\/www.egemtv.com\/index.php?rest_route=\/wp\/v2\/posts\/84962\/revisions\/84964"}],"wp:featuredmedia":[{"embeddable":true,"href":"https:\/\/www.egemtv.com\/index.php?rest_route=\/wp\/v2\/media\/84963"}],"wp:attachment":[{"href":"https:\/\/www.egemtv.com\/index.php?rest_route=%2Fwp%2Fv2%2Fmedia&parent=84962"}],"wp:term":[{"taxonomy":"category","embeddable":true,"href":"https:\/\/www.egemtv.com\/index.php?rest_route=%2Fwp%2Fv2%2Fcategories&post=84962"},{"taxonomy":"post_tag","embeddable":true,"href":"https:\/\/www.egemtv.com\/index.php?rest_route=%2Fwp%2Fv2%2Ftags&post=84962"}],"curies":[{"name":"wp","href":"https:\/\/api.w.org\/{rel}","templated":true}]}}