{"id":84959,"date":"2026-02-03T10:14:51","date_gmt":"2026-02-03T07:14:51","guid":{"rendered":"https:\/\/www.egemtv.com\/?p=84959"},"modified":"2026-02-03T10:14:52","modified_gmt":"2026-02-03T07:14:52","slug":"avsar-barajinda-su-seviyesi-20-milyon-metrekupe-ulasti","status":"publish","type":"post","link":"https:\/\/www.egemtv.com\/?p=84959","title":{"rendered":"Av\u015far Baraj\u0131\u2019nda su seviyesi 20 milyon metrek\u00fcpe ula\u015ft\u0131"},"content":{"rendered":"<p>Manisa\u2019n\u0131n Ala\u015fehir il\u00e7esinde son g\u00fcnlerde etkili olan d\u00fczenli ya\u011f\u0131\u015flar ve derelerden gelen ak\u0131\u015flarla birlikte Av\u015far Baraj\u0131\u2019ndaki su seviyesi \u00f6nemli \u00f6l\u00e7\u00fcde y\u00fckseldi. Bug\u00fcn itibar\u0131yla barajda biriken su miktar\u0131 20 milyon metrek\u00fcpe ula\u015farak ge\u00e7en y\u0131l\u0131n toplam su seviyesini ge\u00e7ti. Ge\u00e7en y\u0131l barajda toplam 16 milyon metrek\u00fcp su bulunuyordu.<br \/>\n<br \/>D\u00fczenli ya\u011f\u0131\u015flar\u0131n topra\u011f\u0131 doyurmas\u0131, yaz sulamas\u0131 i\u00e7in barajlar\u0131n dolmas\u0131 ve dere sular\u0131 ile ba\u011flar\u0131n sulanmas\u0131 \u00fcreticileri sevindirdi. \u00dcreticiler, bu y\u0131l\u0131n bereketli ge\u00e7ece\u011fini ifade etti.<br \/>\n<br \/>2025 y\u0131l\u0131nda su seviyesinin yetersiz olmas\u0131 nedeniyle sulama sahas\u0131 ikiye b\u00f6l\u00fcnm\u00fc\u015f ve tar\u0131m alanlar\u0131n\u0131n yar\u0131s\u0131na su verilememi\u015fti. Bu y\u0131l ise \u015fubat, mart ve nisan aylar\u0131nda beklenen ya\u011f\u0131\u015flar ile da\u011flardaki karlar\u0131n erimesi sonucu su seviyesinin 30 milyon metrek\u00fcp\u00fc a\u015fmas\u0131 bekleniyor. Su seviyesinin 30 milyon metrek\u00fcp\u00fc ge\u00e7mesi halinde, Av\u015far Baraj\u0131\u2019n\u0131n sulama sahas\u0131 olan yakla\u015f\u0131k 120 bin dekar alan\u0131n tamam\u0131na su verilmesinin planland\u0131\u011f\u0131 bildirildi.<\/p>\n<p>Derelerden gelen sular ba\u011flara aktar\u0131l\u0131yor<br \/>\n<br \/>Toplam 75 milyon metrek\u00fcp kapasiteye sahip Av\u015far Baraj\u0131, Ala\u015fehir ve Sar\u0131g\u00f6l ovalar\u0131nda yakla\u015f\u0131k 120 bin dekar tar\u0131m arazisinin sulanmas\u0131nda kullan\u0131l\u0131yor. Ba\u011f Sulama Birli\u011fi taraf\u0131ndan Zeytin\u00e7ay, Sar\u0131k\u0131z ve Bat\u0131nca derelerinden gelen sular israf edilmeden sulama kanallar\u0131na y\u00f6nlendirilerek ba\u011flara k\u0131\u015f suyu verilmesi sa\u011flan\u0131yor.<br \/>\n<br \/>Kemaliye, Akke\u00e7ili ve Piyadeler mahalleleri b\u00f6lgelerinde borlu (tuz oran\u0131 y\u00fcksek) topraklarda dere sular\u0131 ile yap\u0131lan sulama sayesinde topra\u011f\u0131n 50-60 santimetre derinli\u011fe kadar y\u0131kand\u0131\u011f\u0131 ve tuz oran\u0131n\u0131n d\u00fc\u015f\u00fcr\u00fcld\u00fc\u011f\u00fc, bu durumun ba\u011flarda verim art\u0131\u015f\u0131na katk\u0131 sa\u011flad\u0131\u011f\u0131 belirtildi. Ge\u00e7ti\u011fimiz y\u0131l dere suyu ile sulanan alan\u0131n yakla\u015f\u0131k 2 bin dekar oldu\u011fu, bu y\u0131l ise dere ak\u0131\u015flar\u0131n\u0131n artmas\u0131yla birlikte 4-5 bin dekara ula\u015fmas\u0131n\u0131n beklendi\u011fi kaydedildi.<\/p>\n<p>On y\u0131ld\u0131r dolmam\u0131\u015ft\u0131<br \/>\n<br \/>Barajdaki su seviyesinin y\u00fckselmesini izlemeye gelen vatanda\u015flar, &#8220;On y\u0131ld\u0131r baraj dolmuyordu. Bu y\u0131l ya\u011f\u0131\u015flar g\u00fczel oldu. Baraj dolacak, yaz\u0131n susuz kalmayaca\u011f\u0131z. Bu y\u0131l bereket y\u0131l\u0131 olacak&#8221; \u015feklinde konu\u015ftu.<br \/>\n<br \/>Devlet Su \u0130\u015fleri (DS\u0130) taraf\u0131ndan y\u00fcr\u00fct\u00fclen Av\u015far Baraj\u0131 kapal\u0131 devre sulama sistemi \u00e7al\u0131\u015fmalar\u0131n\u0131n da devam etti\u011fi, bug\u00fcne kadar 4 bin dekar alan\u0131n sisteme dahil edildi\u011fi, bu y\u0131l ise 4 bin dekar alan\u0131n daha kapal\u0131 devre sulama sistemine al\u0131nmas\u0131n\u0131n planland\u0131\u011f\u0131 bildirildi. Ala\u015fehir ve Sar\u0131g\u00f6l ovalar\u0131nda toplam 120 bin dekar alan\u0131n kapal\u0131 devre sulama sistemine ge\u00e7i\u015finin 2028 y\u0131l\u0131na kadar tamamlanmas\u0131n\u0131n hedeflendi\u011fi ifade edildi.<\/p>\n<p>Sulama sahas\u0131n\u0131n tamam\u0131na su verilebilecek<br \/>\n<br \/>Ba\u011f Sulama Birli\u011fi Ba\u015fkan\u0131 H\u00fcseyin Alag\u00f6z, baraj\u0131n ge\u00e7mi\u015f y\u0131llarda y\u00fczde 20-30 doluluk oranlar\u0131nda seyretti\u011fini belirterek, &#8220;Ge\u00e7en y\u0131l 15-16 milyon metrek\u00fcp civar\u0131nda suyumuz vard\u0131 ve sulama sahas\u0131n\u0131 ikiye b\u00f6lerek yar\u0131s\u0131na su verebildik. Bu y\u0131l \u00f6l\u00e7\u00fcmlerimize g\u00f6re 20 milyon metrek\u00fcp\u00fc a\u015ft\u0131k. Derelerden gelen ak\u0131\u015flar\u0131m\u0131z iyi, su seviyesinin 30 milyon metrek\u00fcp\u00fc ge\u00e7mesini bekliyoruz. Suyumuz yeterli olursa, sulama sezonu ba\u015f\u0131nda su seviyesine bakarak planlama yapaca\u011f\u0131z. Doluluk oran\u0131na g\u00f6re bu y\u0131l sulama sahas\u0131n\u0131n tamam\u0131na su vermeyi planl\u0131yoruz&#8221; dedi.<br \/>\n<br \/>Alag\u00f6z ayr\u0131ca, \u00e7ift\u00e7ilerin k\u0131\u015f suyu talebinin yo\u011fun oldu\u011funu, dere sular\u0131n\u0131n kanallara y\u00f6nlendirilerek topra\u011f\u0131n y\u0131kanmas\u0131 ve verimin art\u0131r\u0131lmas\u0131n\u0131n hedeflendi\u011fini s\u00f6yledi.<br \/><\/p>\n","protected":false},"excerpt":{"rendered":"<p>Manisa\u2019n\u0131n Ala\u015fehir il\u00e7esinde son g\u00fcnlerde etkili olan d\u00fczenli ya\u011f\u0131\u015flar ve derelerden gelen ak\u0131\u015flarla birlikte Av\u015far Baraj\u0131\u2019ndaki su seviyesi \u00f6nemli \u00f6l\u00e7\u00fcde y\u00fckseldi. Bug\u00fcn itibar\u0131yla barajda biriken su miktar\u0131 20 milyon metrek\u00fcpe ula\u015farak ge\u00e7en y\u0131l\u0131n toplam su seviyesini ge\u00e7ti. Ge\u00e7en y\u0131l barajda toplam 16 milyon metrek\u00fcp su bulunuyordu. D\u00fczenli ya\u011f\u0131\u015flar\u0131n topra\u011f\u0131 doyurmas\u0131, yaz sulamas\u0131 i\u00e7in barajlar\u0131n dolmas\u0131&#8230;<\/p>\n","protected":false},"author":1,"featured_media":84960,"comment_status":"open","ping_status":"open","sticky":false,"template":"","format":"standard","meta":{"_crdt_document":"","footnotes":""},"categories":[1],"tags":[],"class_list":["post-84959","post","type-post","status-publish","format-standard","has-post-thumbnail","hentry","category-guncel"],"_links":{"self":[{"href":"https:\/\/www.egemtv.com\/index.php?rest_route=\/wp\/v2\/posts\/84959","targetHints":{"allow":["GET"]}}],"collection":[{"href":"https:\/\/www.egemtv.com\/index.php?rest_route=\/wp\/v2\/posts"}],"about":[{"href":"https:\/\/www.egemtv.com\/index.php?rest_route=\/wp\/v2\/types\/post"}],"author":[{"embeddable":true,"href":"https:\/\/www.egemtv.com\/index.php?rest_route=\/wp\/v2\/users\/1"}],"replies":[{"embeddable":true,"href":"https:\/\/www.egemtv.com\/index.php?rest_route=%2Fwp%2Fv2%2Fcomments&post=84959"}],"version-history":[{"count":1,"href":"https:\/\/www.egemtv.com\/index.php?rest_route=\/wp\/v2\/posts\/84959\/revisions"}],"predecessor-version":[{"id":84961,"href":"https:\/\/www.egemtv.com\/index.php?rest_route=\/wp\/v2\/posts\/84959\/revisions\/84961"}],"wp:featuredmedia":[{"embeddable":true,"href":"https:\/\/www.egemtv.com\/index.php?rest_route=\/wp\/v2\/media\/84960"}],"wp:attachment":[{"href":"https:\/\/www.egemtv.com\/index.php?rest_route=%2Fwp%2Fv2%2Fmedia&parent=84959"}],"wp:term":[{"taxonomy":"category","embeddable":true,"href":"https:\/\/www.egemtv.com\/index.php?rest_route=%2Fwp%2Fv2%2Fcategories&post=84959"},{"taxonomy":"post_tag","embeddable":true,"href":"https:\/\/www.egemtv.com\/index.php?rest_route=%2Fwp%2Fv2%2Ftags&post=84959"}],"curies":[{"name":"wp","href":"https:\/\/api.w.org\/{rel}","templated":true}]}}