{"id":84956,"date":"2026-02-03T10:14:50","date_gmt":"2026-02-03T07:14:50","guid":{"rendered":"https:\/\/www.egemtv.com\/?p=84956"},"modified":"2026-02-03T10:14:51","modified_gmt":"2026-02-03T07:14:51","slug":"civril-belediyesinden-yesil-civrilspor-denizlispor-gerginligine-iliskin-aciklama","status":"publish","type":"post","link":"https:\/\/www.egemtv.com\/?p=84956","title":{"rendered":"\u00c7ivril Belediyesinden Ye\u015fil \u00c7ivrilspor-Denizlispor gerginli\u011fine ili\u015fkin a\u00e7\u0131klama"},"content":{"rendered":"<p>Ye\u015fil \u00c7ivrilspor ile Denizlispor aras\u0131nda oynanan amat\u00f6r lig ma\u00e7\u0131n\u0131n ard\u0131ndan ya\u015fanan gerginlik ve tezah\u00fcrat tart\u0131\u015fmalar\u0131 \u00fczerine \u00c7ivril Belediyesi yaz\u0131l\u0131 a\u00e7\u0131klama yaparak yanl\u0131\u015f alg\u0131 olu\u015ftu\u011funu belirtti. A\u00e7\u0131klamada, gerginli\u011fin futbol kaynakl\u0131 olmad\u0131\u011f\u0131n\u0131, deplasman yasa\u011f\u0131 ihlalinden do\u011fdu\u011fu vurgulad\u0131.<\/p>\n<p>Ye\u015fil \u00c7ivrilspor ile Denizlispor aras\u0131nda oynanan amat\u00f6r lig kar\u015f\u0131la\u015fmas\u0131n\u0131n ard\u0131ndan ya\u015fanan gerginlik ve Denizlispor\u2019a y\u00f6nelik tezah\u00fcrat iddialar\u0131 kamuoyunda tart\u0131\u015fmalara yol a\u00e7t\u0131. Bunun \u00fczerine \u00c7ivril Belediyesi yaz\u0131l\u0131 bir a\u00e7\u0131klama yaparak s\u00fcrece ili\u015fkin de\u011ferlendirmelerde bulundu. A\u00e7\u0131klamada kamuoyunda olu\u015fan yanl\u0131\u015f alg\u0131ya dikkat \u00e7ekildi.<br \/>\n<br \/>\u00c7ivril Belediyesi taraf\u0131ndan yap\u0131lan a\u00e7\u0131klamada, Denizlispor\u2019un Denizli i\u00e7in ta\u015f\u0131d\u0131\u011f\u0131 \u00f6neme vurgu yap\u0131larak, &#8220;Denizlispor, Denizli\u2019nin en k\u00f6kl\u00fc ve en \u00f6nemli spor markalar\u0131ndan biridir. \u00c7ivril halk\u0131n\u0131n Denizlispor\u2019a duydu\u011fu sayg\u0131 tart\u0131\u015fma konusu yap\u0131lamaz. \u00c7ivril, ge\u00e7mi\u015fte oldu\u011fu gibi bug\u00fcn de Denizli futbolunun t\u00fcm de\u011ferlerine sayg\u0131l\u0131 bir il\u00e7edir&#8221; ifadelerine yer verildi.<\/p>\n<p>\u00c7ivril Belediyesi, ma\u00e7ta ya\u015fanan gerilimin futbol kaynakl\u0131 olmad\u0131\u011f\u0131n\u0131 belirterek, olaylar\u0131n temel nedeninin saha d\u0131\u015f\u0131ndaki kural ihlalleri oldu\u011funu savundu. A\u00e7\u0131klamada, lig kurallar\u0131 gere\u011fi deplasman seyircisi yasa\u011f\u0131 bulunmas\u0131na ra\u011fmen Denizlispor taraftarlar\u0131n\u0131n \u00c7ivril\u2019de bulunmas\u0131n\u0131n a\u00e7\u0131k bir kural ihlali olu\u015fturdu\u011fu ve bunun ma\u00e7 atmosferini olumsuz etkiledi\u011fi kaydedildi.<\/p>\n<p>\u00c7ivril\u2019in bug\u00fcne kadar her iki tak\u0131m i\u00e7in de huzur ve g\u00fcven ortam\u0131nda m\u00fcsabakalar\u0131n oynand\u0131\u011f\u0131 bir il\u00e7e oldu\u011fu vurgulanarak, sporun dostluk ve karde\u015flik ikliminin, kurallar\u0131 hi\u00e7e sayan ki\u015fi ve gruplar taraf\u0131ndan bozulmas\u0131n\u0131n kabul edilemez oldu\u011fu belirtildi.<\/p>\n<p>Kar\u015f\u0131la\u015fma sonras\u0131 yap\u0131lan baz\u0131 kurumsal a\u00e7\u0131klamalar\u0131n olaylar\u0131 yat\u0131\u015ft\u0131rmak yerine kin ve nefreti k\u00f6r\u00fckleyen bir dil i\u00e7erdi\u011fi, konuyu farkl\u0131 noktalara \u00e7ekerek gerginli\u011fi art\u0131rmay\u0131 hedefledi\u011fi ifade edildi. Bu yakla\u015f\u0131m\u0131n Denizli\u2019nin spor k\u00fclt\u00fcr\u00fcne ve ortak de\u011ferlerine zarar verdi\u011fi vurguland\u0131.<\/p>\n<p>\u00c7ivril Belediyesi, iki tak\u0131m\u0131 ve spor kamuoyunu kar\u015f\u0131 kar\u015f\u0131ya getirmeye y\u00f6nelik giri\u015fimlerin Denizli futboluna zarar verdi\u011fini belirterek, t\u00fcm taraflar\u0131 sa\u011fduyuya, kar\u015f\u0131l\u0131kl\u0131 anlay\u0131\u015fa ve sorumluluk bilinciyle hareket etmeye davet etti. A\u00e7\u0131klamada, \u00c7ivril\u2019in Denizli sporunun geli\u015fimine katk\u0131 sunmaya devam edece\u011fi de belirtildi.<br \/><\/p>\n","protected":false},"excerpt":{"rendered":"<p>Ye\u015fil \u00c7ivrilspor ile Denizlispor aras\u0131nda oynanan amat\u00f6r lig ma\u00e7\u0131n\u0131n ard\u0131ndan ya\u015fanan gerginlik ve tezah\u00fcrat tart\u0131\u015fmalar\u0131 \u00fczerine \u00c7ivril Belediyesi yaz\u0131l\u0131 a\u00e7\u0131klama yaparak yanl\u0131\u015f alg\u0131 olu\u015ftu\u011funu belirtti. A\u00e7\u0131klamada, gerginli\u011fin futbol kaynakl\u0131 olmad\u0131\u011f\u0131n\u0131, deplasman yasa\u011f\u0131 ihlalinden do\u011fdu\u011fu vurgulad\u0131. Ye\u015fil \u00c7ivrilspor ile Denizlispor aras\u0131nda oynanan amat\u00f6r lig kar\u015f\u0131la\u015fmas\u0131n\u0131n ard\u0131ndan ya\u015fanan gerginlik ve Denizlispor\u2019a y\u00f6nelik tezah\u00fcrat iddialar\u0131 kamuoyunda tart\u0131\u015fmalara yol&#8230;<\/p>\n","protected":false},"author":1,"featured_media":84957,"comment_status":"open","ping_status":"open","sticky":false,"template":"","format":"standard","meta":{"_crdt_document":"","footnotes":""},"categories":[4],"tags":[],"class_list":["post-84956","post","type-post","status-publish","format-standard","has-post-thumbnail","hentry","category-spor"],"_links":{"self":[{"href":"https:\/\/www.egemtv.com\/index.php?rest_route=\/wp\/v2\/posts\/84956","targetHints":{"allow":["GET"]}}],"collection":[{"href":"https:\/\/www.egemtv.com\/index.php?rest_route=\/wp\/v2\/posts"}],"about":[{"href":"https:\/\/www.egemtv.com\/index.php?rest_route=\/wp\/v2\/types\/post"}],"author":[{"embeddable":true,"href":"https:\/\/www.egemtv.com\/index.php?rest_route=\/wp\/v2\/users\/1"}],"replies":[{"embeddable":true,"href":"https:\/\/www.egemtv.com\/index.php?rest_route=%2Fwp%2Fv2%2Fcomments&post=84956"}],"version-history":[{"count":1,"href":"https:\/\/www.egemtv.com\/index.php?rest_route=\/wp\/v2\/posts\/84956\/revisions"}],"predecessor-version":[{"id":84958,"href":"https:\/\/www.egemtv.com\/index.php?rest_route=\/wp\/v2\/posts\/84956\/revisions\/84958"}],"wp:featuredmedia":[{"embeddable":true,"href":"https:\/\/www.egemtv.com\/index.php?rest_route=\/wp\/v2\/media\/84957"}],"wp:attachment":[{"href":"https:\/\/www.egemtv.com\/index.php?rest_route=%2Fwp%2Fv2%2Fmedia&parent=84956"}],"wp:term":[{"taxonomy":"category","embeddable":true,"href":"https:\/\/www.egemtv.com\/index.php?rest_route=%2Fwp%2Fv2%2Fcategories&post=84956"},{"taxonomy":"post_tag","embeddable":true,"href":"https:\/\/www.egemtv.com\/index.php?rest_route=%2Fwp%2Fv2%2Ftags&post=84956"}],"curies":[{"name":"wp","href":"https:\/\/api.w.org\/{rel}","templated":true}]}}