{"id":84953,"date":"2026-02-03T10:14:49","date_gmt":"2026-02-03T07:14:49","guid":{"rendered":"https:\/\/www.egemtv.com\/?p=84953"},"modified":"2026-02-03T10:14:50","modified_gmt":"2026-02-03T07:14:50","slug":"manisa-ticaret-borsasindan-turkiye-misir-ticaretine-guclu-katki","status":"publish","type":"post","link":"https:\/\/www.egemtv.com\/?p=84953","title":{"rendered":"Manisa Ticaret Borsas\u0131\u2019ndan T\u00fcrkiye-M\u0131s\u0131r ticaretine g\u00fc\u00e7l\u00fc katk\u0131"},"content":{"rendered":"<p>Manisa Ticaret Borsas\u0131 Y\u00f6netim Kurulu Ba\u015fkan\u0131 Sad\u0131k \u00d6zkasap, Cumhurba\u015fkan\u0131 Recep Tayyip Erdo\u011fan\u2019\u0131n M\u0131s\u0131r ziyareti \u00f6ncesinde Kahire\u2019de d\u00fczenlenen T\u00fcrkiye-M\u0131s\u0131r Oda ve Borsalar \u0130\u015f Birli\u011fi Forumu\u2019na kat\u0131larak Manisa i\u015f d\u00fcnyas\u0131n\u0131 uluslararas\u0131 platformda temsil etti.<br \/>\n<br \/>Manisa Ticaret Borsas\u0131 Y\u00f6netim Kurulu Ba\u015fkan\u0131 Sad\u0131k \u00d6zkasap, Cumhurba\u015fkan\u0131 Recep Tayyip Erdo\u011fan\u2019\u0131n M\u0131s\u0131r\u2019a ger\u00e7ekle\u015ftirece\u011fi resmi ziyaret \u00f6ncesinde Kahire\u2019de d\u00fczenlenen T\u00fcrkiye-M\u0131s\u0131r Oda ve Borsalar \u0130\u015f Birli\u011fi Forumu\u2019na kat\u0131larak \u00f6nemli temaslarda bulundu.<br \/>\n<br \/>T\u00fcrkiye Odalar ve Borsalar Birli\u011fi Ba\u015fkan\u0131 M. Rifat Hisarc\u0131kl\u0131o\u011flu ile birlikte 227 oda ve borsa ba\u015fkan\u0131n\u0131n yer ald\u0131\u011f\u0131 forumda, iki \u00fclke i\u015f d\u00fcnyas\u0131 aras\u0131ndaki ekonomik ve ticari ili\u015fkilerin g\u00fc\u00e7lendirilmesi hedeflendi.<br \/>\n<br \/>M\u0131s\u0131r Ticaret ve Sanayi Odalar\u0131 Federasyonu\u2019nun ev sahipli\u011finde ger\u00e7ekle\u015ftirilen foruma, M\u0131s\u0131r Maliye Bakan\u0131 Ahmed Kouchouk \u00e7evrim i\u00e7i olarak kat\u0131l\u0131rken; T\u00fcrkiye\u2019nin Kahire B\u00fcy\u00fckel\u00e7isi Salih Mutlu \u015een, M\u0131s\u0131r Ticaret ve Sanayi Odalar\u0131 Federasyonu Ba\u015fkan\u0131 Ahmet Al Wakil ile \u00e7ok say\u0131da T\u00fcrk ve M\u0131s\u0131rl\u0131 i\u015f insan\u0131 haz\u0131r bulundu. Forumda sanayi, ticaret, tar\u0131m, bal\u0131k\u00e7\u0131l\u0131k, turizm, lojistik ve in\u015faat sekt\u00f6rlerinde yeni i\u015f birli\u011fi f\u0131rsatlar\u0131 ele al\u0131nd\u0131.<br \/>\n<br \/>Forum kapsam\u0131nda Ba\u015fkan \u00d6zkasap ile birlikte y\u00f6netim kurulu \u00fcyeleri Alper Alhat ve Sami Karao\u011flan, Manisa\u2019n\u0131n tar\u0131msal \u00fcretim g\u00fcc\u00fc, \u00f6zellikle \u00fcz\u00fcm, zeytin ve zeytinya\u011f\u0131 ba\u015fta olmak \u00fczere katma de\u011ferli \u00fcr\u00fcn potansiyeli ile g\u00fc\u00e7l\u00fc sanayi altyap\u0131s\u0131n\u0131 M\u0131s\u0131rl\u0131 i\u015f insanlar\u0131na aktard\u0131.<br \/>\n<br \/>Manisa Ticaret Borsas\u0131 Y\u00f6netim Kurulu Ba\u015fkan\u0131 Sad\u0131k \u00d6zkasap, Manisa\u2019n\u0131n uluslararas\u0131 i\u015f birliklerine haz\u0131r bir \u00fcretim ve ticaret altyap\u0131s\u0131na sahip oldu\u011funu vurgulayarak, &#8220;T\u00fcrkiye ile M\u0131s\u0131r aras\u0131nda yeniden g\u00fc\u00e7lenen ekonomik ve ticari ili\u015fkiler, yerel \u00fcretim merkezleri i\u00e7in \u00f6nemli f\u0131rsatlar bar\u0131nd\u0131r\u0131yor. Tar\u0131msal \u00fcretim g\u00fcc\u00fcm\u00fcz ve geli\u015fen sanayi altyap\u0131m\u0131zla bu s\u00fcrecin do\u011fal payda\u015flar\u0131ndan biriyiz. Kahire\u2019de kurulan temaslar, somut ticaret ve yat\u0131r\u0131m ad\u0131mlar\u0131na d\u00f6n\u00fc\u015febilecek bir zemin olu\u015fturdu. Manisa ve Akhisar i\u015f d\u00fcnyas\u0131 olarak, kar\u015f\u0131l\u0131kl\u0131 g\u00fcvene dayal\u0131, s\u00fcrd\u00fcr\u00fclebilir ve uzun vadeli i\u015f birliklerine haz\u0131r\u0131z&#8221; ifadelerini kulland\u0131.<br \/>\n<br \/>G\u00f6r\u00fc\u015fmeler sonunda, kar\u015f\u0131l\u0131kl\u0131 heyet ziyaretlerinin art\u0131r\u0131lmas\u0131 ve iki \u00fclke i\u015f insanlar\u0131 aras\u0131nda do\u011frudan temaslar\u0131n g\u00fc\u00e7lendirilmesi konusunda mutabakata var\u0131ld\u0131.<br \/><\/p>\n","protected":false},"excerpt":{"rendered":"<p>Manisa Ticaret Borsas\u0131 Y\u00f6netim Kurulu Ba\u015fkan\u0131 Sad\u0131k \u00d6zkasap, Cumhurba\u015fkan\u0131 Recep Tayyip Erdo\u011fan\u2019\u0131n M\u0131s\u0131r ziyareti \u00f6ncesinde Kahire\u2019de d\u00fczenlenen T\u00fcrkiye-M\u0131s\u0131r Oda ve Borsalar \u0130\u015f Birli\u011fi Forumu\u2019na kat\u0131larak Manisa i\u015f d\u00fcnyas\u0131n\u0131 uluslararas\u0131 platformda temsil etti. Manisa Ticaret Borsas\u0131 Y\u00f6netim Kurulu Ba\u015fkan\u0131 Sad\u0131k \u00d6zkasap, Cumhurba\u015fkan\u0131 Recep Tayyip Erdo\u011fan\u2019\u0131n M\u0131s\u0131r\u2019a ger\u00e7ekle\u015ftirece\u011fi resmi ziyaret \u00f6ncesinde Kahire\u2019de d\u00fczenlenen T\u00fcrkiye-M\u0131s\u0131r Oda ve Borsalar&#8230;<\/p>\n","protected":false},"author":1,"featured_media":84954,"comment_status":"open","ping_status":"open","sticky":false,"template":"","format":"standard","meta":{"_crdt_document":"","footnotes":""},"categories":[125],"tags":[],"class_list":["post-84953","post","type-post","status-publish","format-standard","has-post-thumbnail","hentry","category-ekonomi"],"_links":{"self":[{"href":"https:\/\/www.egemtv.com\/index.php?rest_route=\/wp\/v2\/posts\/84953","targetHints":{"allow":["GET"]}}],"collection":[{"href":"https:\/\/www.egemtv.com\/index.php?rest_route=\/wp\/v2\/posts"}],"about":[{"href":"https:\/\/www.egemtv.com\/index.php?rest_route=\/wp\/v2\/types\/post"}],"author":[{"embeddable":true,"href":"https:\/\/www.egemtv.com\/index.php?rest_route=\/wp\/v2\/users\/1"}],"replies":[{"embeddable":true,"href":"https:\/\/www.egemtv.com\/index.php?rest_route=%2Fwp%2Fv2%2Fcomments&post=84953"}],"version-history":[{"count":1,"href":"https:\/\/www.egemtv.com\/index.php?rest_route=\/wp\/v2\/posts\/84953\/revisions"}],"predecessor-version":[{"id":84955,"href":"https:\/\/www.egemtv.com\/index.php?rest_route=\/wp\/v2\/posts\/84953\/revisions\/84955"}],"wp:featuredmedia":[{"embeddable":true,"href":"https:\/\/www.egemtv.com\/index.php?rest_route=\/wp\/v2\/media\/84954"}],"wp:attachment":[{"href":"https:\/\/www.egemtv.com\/index.php?rest_route=%2Fwp%2Fv2%2Fmedia&parent=84953"}],"wp:term":[{"taxonomy":"category","embeddable":true,"href":"https:\/\/www.egemtv.com\/index.php?rest_route=%2Fwp%2Fv2%2Fcategories&post=84953"},{"taxonomy":"post_tag","embeddable":true,"href":"https:\/\/www.egemtv.com\/index.php?rest_route=%2Fwp%2Fv2%2Ftags&post=84953"}],"curies":[{"name":"wp","href":"https:\/\/api.w.org\/{rel}","templated":true}]}}