{"id":84950,"date":"2026-02-03T09:54:47","date_gmt":"2026-02-03T06:54:47","guid":{"rendered":"https:\/\/www.egemtv.com\/?p=84950"},"modified":"2026-02-03T09:54:48","modified_gmt":"2026-02-03T06:54:48","slug":"sarampole-devrilen-ticari-taksi-surucusu-hayatini-kaybetti","status":"publish","type":"post","link":"https:\/\/www.egemtv.com\/?p=84950","title":{"rendered":"\u015earampole devrilen ticari taksi s\u00fcr\u00fcc\u00fcs\u00fc hayat\u0131n\u0131 kaybetti"},"content":{"rendered":"<p>Afyonkarahisar\u2019da kontrolden \u00e7\u0131karak \u015farampole devrilen ve hurdaya d\u00f6nen ticari taksinin s\u00fcr\u00fcc\u00fcs\u00fc hayat\u0131n\u0131 kaybetti.<br \/>\n<br \/>Kaza, merkeze ba\u011fl\u0131 I\u015f\u0131klar beldesi giri\u015finde meydana geldi. Edinilen bilgilere g\u00f6re, Abuzer Karamo\u00e7u y\u00f6netimindeki 03 T 1004 plakal\u0131 ticari taksi s\u00fcr\u00fcc\u00fcs\u00fcn\u00fcn hen\u00fcz belirlenemeyen bir sebepten \u00f6t\u00fcr\u00fc direksiyon hakimiyetini kaybetmesi sonucu kontrolden \u00e7\u0131kt\u0131. Savrulan ara\u00e7 ard\u0131ndan yol kenar\u0131ndaki \u015farampole devrildi. Kazan\u0131n ard\u0131ndan \u00e7evredekilerin haber vermesiyle b\u00f6lgeye sa\u011fl\u0131k ve jandarma ekipleri sevk edildi. B\u00f6lgeye gelen ekipler hurdaya d\u00f6nen otomobilde Karamo\u00e7u\u2019nun hayat\u0131n\u0131 kaybetti\u011fini belirledi.<br \/>\n<br \/>Kazan\u0131n ard\u0131ndan jandarma taraf\u0131ndan inceleme ba\u015flat\u0131ld\u0131.<br \/><\/p>\n","protected":false},"excerpt":{"rendered":"<p>Afyonkarahisar\u2019da kontrolden \u00e7\u0131karak \u015farampole devrilen ve hurdaya d\u00f6nen ticari taksinin s\u00fcr\u00fcc\u00fcs\u00fc hayat\u0131n\u0131 kaybetti. Kaza, merkeze ba\u011fl\u0131 I\u015f\u0131klar beldesi giri\u015finde meydana geldi. Edinilen bilgilere g\u00f6re, Abuzer Karamo\u00e7u y\u00f6netimindeki 03 T 1004 plakal\u0131 ticari taksi s\u00fcr\u00fcc\u00fcs\u00fcn\u00fcn hen\u00fcz belirlenemeyen bir sebepten \u00f6t\u00fcr\u00fc direksiyon hakimiyetini kaybetmesi sonucu kontrolden \u00e7\u0131kt\u0131. Savrulan ara\u00e7 ard\u0131ndan yol kenar\u0131ndaki \u015farampole devrildi. Kazan\u0131n ard\u0131ndan \u00e7evredekilerin&#8230;<\/p>\n","protected":false},"author":1,"featured_media":84951,"comment_status":"open","ping_status":"open","sticky":false,"template":"","format":"standard","meta":{"_crdt_document":"","footnotes":""},"categories":[5],"tags":[],"class_list":["post-84950","post","type-post","status-publish","format-standard","has-post-thumbnail","hentry","category-asayis"],"_links":{"self":[{"href":"https:\/\/www.egemtv.com\/index.php?rest_route=\/wp\/v2\/posts\/84950","targetHints":{"allow":["GET"]}}],"collection":[{"href":"https:\/\/www.egemtv.com\/index.php?rest_route=\/wp\/v2\/posts"}],"about":[{"href":"https:\/\/www.egemtv.com\/index.php?rest_route=\/wp\/v2\/types\/post"}],"author":[{"embeddable":true,"href":"https:\/\/www.egemtv.com\/index.php?rest_route=\/wp\/v2\/users\/1"}],"replies":[{"embeddable":true,"href":"https:\/\/www.egemtv.com\/index.php?rest_route=%2Fwp%2Fv2%2Fcomments&post=84950"}],"version-history":[{"count":1,"href":"https:\/\/www.egemtv.com\/index.php?rest_route=\/wp\/v2\/posts\/84950\/revisions"}],"predecessor-version":[{"id":84952,"href":"https:\/\/www.egemtv.com\/index.php?rest_route=\/wp\/v2\/posts\/84950\/revisions\/84952"}],"wp:featuredmedia":[{"embeddable":true,"href":"https:\/\/www.egemtv.com\/index.php?rest_route=\/wp\/v2\/media\/84951"}],"wp:attachment":[{"href":"https:\/\/www.egemtv.com\/index.php?rest_route=%2Fwp%2Fv2%2Fmedia&parent=84950"}],"wp:term":[{"taxonomy":"category","embeddable":true,"href":"https:\/\/www.egemtv.com\/index.php?rest_route=%2Fwp%2Fv2%2Fcategories&post=84950"},{"taxonomy":"post_tag","embeddable":true,"href":"https:\/\/www.egemtv.com\/index.php?rest_route=%2Fwp%2Fv2%2Ftags&post=84950"}],"curies":[{"name":"wp","href":"https:\/\/api.w.org\/{rel}","templated":true}]}}