{"id":84947,"date":"2026-02-03T09:54:46","date_gmt":"2026-02-03T06:54:46","guid":{"rendered":"https:\/\/www.egemtv.com\/?p=84947"},"modified":"2026-02-03T09:54:47","modified_gmt":"2026-02-03T06:54:47","slug":"alasehirli-karateciler-bakude-madalyalari-kapti","status":"publish","type":"post","link":"https:\/\/www.egemtv.com\/?p=84947","title":{"rendered":"Ala\u015fehirli karateciler Bak\u00fc\u2019de madalyalar\u0131 kapt\u0131"},"content":{"rendered":"<p>Ala\u015fehir Belediyesi Karate Kul\u00fcb\u00fc sporcular\u0131, Azerbaycan\u2019\u0131n ba\u015fkenti Bak\u00fc\u2019de d\u00fczenlenen Arpa\u00e7ay Uluslararas\u0131 Karate Turnuvas\u0131\u2019nda elde ettikleri derecelerle Ala\u015fehir\u2019in gururu oldu.<br \/>\n<br \/>Azerbaycan\u2019\u0131n ba\u015fkenti Bak\u00fc\u2019de 30-31 Ocak tarihlerinde ger\u00e7ekle\u015ftirilen uluslararas\u0131 turnuvaya Ala\u015fehir Belediyesi Karate Kul\u00fcb\u00fc\u2019nden 12 sporcu kat\u0131ld\u0131. Zorlu m\u00fcsabakalar\u0131n ya\u015fand\u0131\u011f\u0131 turnuvada Ala\u015fehirli sporculardan 8\u2019i dereceye girerek madalya kazanma ba\u015far\u0131s\u0131 g\u00f6sterdi. Elde edilen ba\u015far\u0131lar il\u00e7ede sevin\u00e7le kar\u015f\u0131land\u0131.<\/p>\n<p>Ba\u015fkan \u00d6k\u00fczc\u00fco\u011flu\u2019ndan tebrik<br \/>\n<br \/>Ala\u015fehir Belediye Ba\u015fkan\u0131 Ahmet \u00d6k\u00fczc\u00fco\u011flu, sporcular\u0131n uluslararas\u0131 arenada elde etti\u011fi ba\u015far\u0131lardan dolay\u0131 b\u00fcy\u00fck mutluluk duyduklar\u0131n\u0131 ifade ederek, &#8220;Ala\u015fehirli sporcular\u0131m\u0131z\u0131n uluslararas\u0131 bir turnuvada derece elde etmesi bizleri gururland\u0131rd\u0131. Ba\u015far\u0131lar\u0131n\u0131n devam\u0131n\u0131 diliyor, belediye olarak her zaman yanlar\u0131nda oldu\u011fumuzu belirtmek istiyorum. Eme\u011fi ge\u00e7en antren\u00f6rlerimizi, sporcular\u0131m\u0131z\u0131 ve ailelerini kutluyorum&#8221; dedi.<\/p>\n<p>Hedefte yeni ba\u015far\u0131lar var<br \/>\n<br \/>Ala\u015fehir Belediyesi Karate Kul\u00fcb\u00fc yetkilileri ise turnuvada elde edilen derecelerin kul\u00fcp ad\u0131na \u00f6nemli bir ba\u015far\u0131 oldu\u011funu vurgulayarak, bu ba\u015far\u0131da eme\u011fi ge\u00e7en herkese te\u015fekk\u00fcr etti. Yetkililer, yeni turnuvalarda da Ala\u015fehir\u2019i en iyi \u015fekilde temsil etmek i\u00e7in \u00e7al\u0131\u015fmalar\u0131n aral\u0131ks\u0131z s\u00fcrece\u011fini kaydetti.<br \/><\/p>\n","protected":false},"excerpt":{"rendered":"<p>Ala\u015fehir Belediyesi Karate Kul\u00fcb\u00fc sporcular\u0131, Azerbaycan\u2019\u0131n ba\u015fkenti Bak\u00fc\u2019de d\u00fczenlenen Arpa\u00e7ay Uluslararas\u0131 Karate Turnuvas\u0131\u2019nda elde ettikleri derecelerle Ala\u015fehir\u2019in gururu oldu. Azerbaycan\u2019\u0131n ba\u015fkenti Bak\u00fc\u2019de 30-31 Ocak tarihlerinde ger\u00e7ekle\u015ftirilen uluslararas\u0131 turnuvaya Ala\u015fehir Belediyesi Karate Kul\u00fcb\u00fc\u2019nden 12 sporcu kat\u0131ld\u0131. Zorlu m\u00fcsabakalar\u0131n ya\u015fand\u0131\u011f\u0131 turnuvada Ala\u015fehirli sporculardan 8\u2019i dereceye girerek madalya kazanma ba\u015far\u0131s\u0131 g\u00f6sterdi. Elde edilen ba\u015far\u0131lar il\u00e7ede sevin\u00e7le kar\u015f\u0131land\u0131. Ba\u015fkan&#8230;<\/p>\n","protected":false},"author":1,"featured_media":84948,"comment_status":"open","ping_status":"open","sticky":false,"template":"","format":"standard","meta":{"_crdt_document":"","footnotes":""},"categories":[4],"tags":[],"class_list":["post-84947","post","type-post","status-publish","format-standard","has-post-thumbnail","hentry","category-spor"],"_links":{"self":[{"href":"https:\/\/www.egemtv.com\/index.php?rest_route=\/wp\/v2\/posts\/84947","targetHints":{"allow":["GET"]}}],"collection":[{"href":"https:\/\/www.egemtv.com\/index.php?rest_route=\/wp\/v2\/posts"}],"about":[{"href":"https:\/\/www.egemtv.com\/index.php?rest_route=\/wp\/v2\/types\/post"}],"author":[{"embeddable":true,"href":"https:\/\/www.egemtv.com\/index.php?rest_route=\/wp\/v2\/users\/1"}],"replies":[{"embeddable":true,"href":"https:\/\/www.egemtv.com\/index.php?rest_route=%2Fwp%2Fv2%2Fcomments&post=84947"}],"version-history":[{"count":1,"href":"https:\/\/www.egemtv.com\/index.php?rest_route=\/wp\/v2\/posts\/84947\/revisions"}],"predecessor-version":[{"id":84949,"href":"https:\/\/www.egemtv.com\/index.php?rest_route=\/wp\/v2\/posts\/84947\/revisions\/84949"}],"wp:featuredmedia":[{"embeddable":true,"href":"https:\/\/www.egemtv.com\/index.php?rest_route=\/wp\/v2\/media\/84948"}],"wp:attachment":[{"href":"https:\/\/www.egemtv.com\/index.php?rest_route=%2Fwp%2Fv2%2Fmedia&parent=84947"}],"wp:term":[{"taxonomy":"category","embeddable":true,"href":"https:\/\/www.egemtv.com\/index.php?rest_route=%2Fwp%2Fv2%2Fcategories&post=84947"},{"taxonomy":"post_tag","embeddable":true,"href":"https:\/\/www.egemtv.com\/index.php?rest_route=%2Fwp%2Fv2%2Ftags&post=84947"}],"curies":[{"name":"wp","href":"https:\/\/api.w.org\/{rel}","templated":true}]}}