{"id":84944,"date":"2026-02-03T09:54:44","date_gmt":"2026-02-03T06:54:44","guid":{"rendered":"https:\/\/www.egemtv.com\/?p=84944"},"modified":"2026-02-03T09:54:46","modified_gmt":"2026-02-03T06:54:46","slug":"yikilan-istinat-duvari-yolu-kapatti","status":"publish","type":"post","link":"https:\/\/www.egemtv.com\/?p=84944","title":{"rendered":"Y\u0131k\u0131lan istinat duvar\u0131 yolu kapatt\u0131"},"content":{"rendered":"<p>DEN\u0130ZL\u0130 (\u0130HA) \u2013 Denizli\u2019nin Buldan il\u00e7esinde \u015fiddetli ya\u011f\u0131\u015flar\u0131n ard\u0131ndan y\u0131k\u0131lan 5 metrelik istinat duvar\u0131, yolu ula\u015f\u0131ma kapatt\u0131.<\/p>\n<p>Olay, Buldan il\u00e7esine ba\u011fl\u0131 Yal\u00e7\u0131nkaya Mahallesi\u2019nde meydana geldi. Edinilen bilgiye g\u00f6re; b\u00f6lgede bir s\u00fcredir devam eden \u015fiddetli ya\u011f\u0131\u015flar\u0131n ard\u0131ndan Yal\u00e7\u0131nkaya Mahallesi Zehrenti Sokakta bulunan bir evin istinat duvar\u0131 yola devrildi. \u0130\u00e7inde oturan kimsenin olmad\u0131\u011f\u0131 metruk evin bah\u00e7esinde bulunan 5 metrelik ta\u015f istinat duvar\u0131n\u0131n y\u0131k\u0131lmas\u0131 sonucu yol trafi\u011fe kapat\u0131ld\u0131. Y\u0131k\u0131m\u0131n devam etmesine kar\u015f\u0131 b\u00f6lgede \u00f6nlem al\u0131n\u0131rken, yolu kapatan enkaz\u0131n kald\u0131r\u0131lmas\u0131 i\u00e7in \u00e7al\u0131\u015fma ba\u015flat\u0131ld\u0131.<br \/><\/p>\n","protected":false},"excerpt":{"rendered":"<p>DEN\u0130ZL\u0130 (\u0130HA) \u2013 Denizli\u2019nin Buldan il\u00e7esinde \u015fiddetli ya\u011f\u0131\u015flar\u0131n ard\u0131ndan y\u0131k\u0131lan 5 metrelik istinat duvar\u0131, yolu ula\u015f\u0131ma kapatt\u0131. Olay, Buldan il\u00e7esine ba\u011fl\u0131 Yal\u00e7\u0131nkaya Mahallesi\u2019nde meydana geldi. Edinilen bilgiye g\u00f6re; b\u00f6lgede bir s\u00fcredir devam eden \u015fiddetli ya\u011f\u0131\u015flar\u0131n ard\u0131ndan Yal\u00e7\u0131nkaya Mahallesi Zehrenti Sokakta bulunan bir evin istinat duvar\u0131 yola devrildi. \u0130\u00e7inde oturan kimsenin olmad\u0131\u011f\u0131 metruk evin bah\u00e7esinde bulunan&#8230;<\/p>\n","protected":false},"author":1,"featured_media":84945,"comment_status":"open","ping_status":"open","sticky":false,"template":"","format":"standard","meta":{"_crdt_document":"","footnotes":""},"categories":[1],"tags":[],"class_list":["post-84944","post","type-post","status-publish","format-standard","has-post-thumbnail","hentry","category-guncel"],"_links":{"self":[{"href":"https:\/\/www.egemtv.com\/index.php?rest_route=\/wp\/v2\/posts\/84944","targetHints":{"allow":["GET"]}}],"collection":[{"href":"https:\/\/www.egemtv.com\/index.php?rest_route=\/wp\/v2\/posts"}],"about":[{"href":"https:\/\/www.egemtv.com\/index.php?rest_route=\/wp\/v2\/types\/post"}],"author":[{"embeddable":true,"href":"https:\/\/www.egemtv.com\/index.php?rest_route=\/wp\/v2\/users\/1"}],"replies":[{"embeddable":true,"href":"https:\/\/www.egemtv.com\/index.php?rest_route=%2Fwp%2Fv2%2Fcomments&post=84944"}],"version-history":[{"count":1,"href":"https:\/\/www.egemtv.com\/index.php?rest_route=\/wp\/v2\/posts\/84944\/revisions"}],"predecessor-version":[{"id":84946,"href":"https:\/\/www.egemtv.com\/index.php?rest_route=\/wp\/v2\/posts\/84944\/revisions\/84946"}],"wp:featuredmedia":[{"embeddable":true,"href":"https:\/\/www.egemtv.com\/index.php?rest_route=\/wp\/v2\/media\/84945"}],"wp:attachment":[{"href":"https:\/\/www.egemtv.com\/index.php?rest_route=%2Fwp%2Fv2%2Fmedia&parent=84944"}],"wp:term":[{"taxonomy":"category","embeddable":true,"href":"https:\/\/www.egemtv.com\/index.php?rest_route=%2Fwp%2Fv2%2Fcategories&post=84944"},{"taxonomy":"post_tag","embeddable":true,"href":"https:\/\/www.egemtv.com\/index.php?rest_route=%2Fwp%2Fv2%2Ftags&post=84944"}],"curies":[{"name":"wp","href":"https:\/\/api.w.org\/{rel}","templated":true}]}}