{"id":84875,"date":"2026-02-02T18:54:55","date_gmt":"2026-02-02T15:54:55","guid":{"rendered":"https:\/\/www.egemtv.com\/?p=84875"},"modified":"2026-02-02T18:54:57","modified_gmt":"2026-02-02T15:54:57","slug":"aliagada-somestir-senlige-donustu","status":"publish","type":"post","link":"https:\/\/www.egemtv.com\/?p=84875","title":{"rendered":"Alia\u011fa\u2019da s\u00f6mestir \u015fenli\u011fe d\u00f6n\u00fc\u015ft\u00fc"},"content":{"rendered":"<p>Alia\u011fa Belediyesi, s\u00f6mestir tatili boyunca d\u00fczenledi\u011fi Sinema ve Tiyatro G\u00fcnleri ile \u00e7ocuklara \u015fenlik havas\u0131nda bir tatil ya\u015fatt\u0131.<br \/>\n<br \/>Alia\u011fa Belediyesi taraf\u0131ndan yenilenerek yeniden hizmete a\u00e7\u0131lan ALBEST Sinema \u00e7ocuklar\u0131 beyaz perdeyle bulu\u015ftururken, Alia\u011fa Belediyesi Orman Tiyatrosu da ilk projesiyle mahalle mahalle dola\u015farak minik izleyicilerine tiyatro keyfi ya\u015fatt\u0131. Alia\u011fa\u2019da s\u00f6mestirde d\u00fczenlenen Sinema G\u00fcnleri\u2019nde ALBEST Sinema, \u00e7ocuklar i\u00e7in kap\u0131lar\u0131n\u0131 a\u00e7t\u0131. 16 Ocak-1 \u015eubat tarihleri aras\u0131nda her g\u00fcn Karde\u015f Tak\u0131m\u0131 3, Zootropolis 2 ve S\u00fcngerbob: Korsan Maceras\u0131 filmleri \u00fccretsiz olarak g\u00f6sterime girdi. S\u00f6mestir tatili boyunca d\u00fczenlenen g\u00f6sterimlerde 15 bin 292 \u00e7ocuk unutulmaz bir sinema deneyimi ya\u015fad\u0131. Alia\u011fa\u2019n\u0131n \u00e7evre mahallelerinde ikamet eden \u00e7ocuklar i\u00e7in de ula\u015f\u0131m hizmeti sa\u011fland\u0131.<\/p>\n<p>Orman Tiyatrosu perdesini \u00e7ocuklar i\u00e7in a\u00e7t\u0131<br \/>\n<br \/>Alia\u011fa Belediyesi Orman Tiyatrosu, ilk projesi olan &#8220;Birlikte Parlayal\u0131m&#8221; adl\u0131 oyunla Tiyatro G\u00fcnleri kapsam\u0131nda minik izleyicileriyle bulu\u015ftu. Yazar ve y\u00f6netmenli\u011fini Alia\u011fa Belediye Tiyatrosu Sanat Y\u00f6netmeni Demet Bozkurt\u2019un \u00fcstlendi\u011fi oyun, 24 Ocak-1 \u015eubat tarihleri aras\u0131nda Alia\u011fa merkez ve \u00e7evre mahalleleri ziyaret ederek, y\u00fczlerce \u00e7ocu\u011fun y\u00fcz\u00fcnde tebess\u00fcm olu\u015fturdu. Renkli maskotlar\u0131n e\u015flik etti\u011fi g\u00f6sterimlerde y\u00fcz boyama etkinlikleri d\u00fczenlenirken, balonlar ve ikramlarla \u00e7ocuklar tiyatro dolu keyifli g\u00fcnler ge\u00e7irdi.<br \/><\/p>\n","protected":false},"excerpt":{"rendered":"<p>Alia\u011fa Belediyesi, s\u00f6mestir tatili boyunca d\u00fczenledi\u011fi Sinema ve Tiyatro G\u00fcnleri ile \u00e7ocuklara \u015fenlik havas\u0131nda bir tatil ya\u015fatt\u0131. Alia\u011fa Belediyesi taraf\u0131ndan yenilenerek yeniden hizmete a\u00e7\u0131lan ALBEST Sinema \u00e7ocuklar\u0131 beyaz perdeyle bulu\u015ftururken, Alia\u011fa Belediyesi Orman Tiyatrosu da ilk projesiyle mahalle mahalle dola\u015farak minik izleyicilerine tiyatro keyfi ya\u015fatt\u0131. Alia\u011fa\u2019da s\u00f6mestirde d\u00fczenlenen Sinema G\u00fcnleri\u2019nde ALBEST Sinema, \u00e7ocuklar i\u00e7in kap\u0131lar\u0131n\u0131&#8230;<\/p>\n","protected":false},"author":1,"featured_media":84876,"comment_status":"open","ping_status":"open","sticky":false,"template":"","format":"standard","meta":{"_crdt_document":"","footnotes":""},"categories":[1],"tags":[],"class_list":["post-84875","post","type-post","status-publish","format-standard","has-post-thumbnail","hentry","category-guncel"],"_links":{"self":[{"href":"https:\/\/www.egemtv.com\/index.php?rest_route=\/wp\/v2\/posts\/84875","targetHints":{"allow":["GET"]}}],"collection":[{"href":"https:\/\/www.egemtv.com\/index.php?rest_route=\/wp\/v2\/posts"}],"about":[{"href":"https:\/\/www.egemtv.com\/index.php?rest_route=\/wp\/v2\/types\/post"}],"author":[{"embeddable":true,"href":"https:\/\/www.egemtv.com\/index.php?rest_route=\/wp\/v2\/users\/1"}],"replies":[{"embeddable":true,"href":"https:\/\/www.egemtv.com\/index.php?rest_route=%2Fwp%2Fv2%2Fcomments&post=84875"}],"version-history":[{"count":1,"href":"https:\/\/www.egemtv.com\/index.php?rest_route=\/wp\/v2\/posts\/84875\/revisions"}],"predecessor-version":[{"id":84877,"href":"https:\/\/www.egemtv.com\/index.php?rest_route=\/wp\/v2\/posts\/84875\/revisions\/84877"}],"wp:featuredmedia":[{"embeddable":true,"href":"https:\/\/www.egemtv.com\/index.php?rest_route=\/wp\/v2\/media\/84876"}],"wp:attachment":[{"href":"https:\/\/www.egemtv.com\/index.php?rest_route=%2Fwp%2Fv2%2Fmedia&parent=84875"}],"wp:term":[{"taxonomy":"category","embeddable":true,"href":"https:\/\/www.egemtv.com\/index.php?rest_route=%2Fwp%2Fv2%2Fcategories&post=84875"},{"taxonomy":"post_tag","embeddable":true,"href":"https:\/\/www.egemtv.com\/index.php?rest_route=%2Fwp%2Fv2%2Ftags&post=84875"}],"curies":[{"name":"wp","href":"https:\/\/api.w.org\/{rel}","templated":true}]}}