{"id":84872,"date":"2026-02-02T18:54:53","date_gmt":"2026-02-02T15:54:53","guid":{"rendered":"https:\/\/www.egemtv.com\/?p=84872"},"modified":"2026-02-02T18:54:55","modified_gmt":"2026-02-02T15:54:55","slug":"bayindirda-yagmur-bereketi-zeytinova-barajinda-su-seviyesi-artti","status":"publish","type":"post","link":"https:\/\/www.egemtv.com\/?p=84872","title":{"rendered":"Bay\u0131nd\u0131r\u2019da ya\u011fmur bereketi: Zeytinova Baraj\u0131\u2019nda su seviyesi artt\u0131"},"content":{"rendered":"<p>\u0130zmir\u2019in Bay\u0131nd\u0131r il\u00e7esinde son g\u00fcnlerde etkili olan ya\u011fmurlarla Zeytinova Baraj\u0131\u2019nda su seviyesi artt\u0131.<br \/>\n<br \/>Bay\u0131nd\u0131r il\u00e7esinde ya\u011f\u0131\u015flar, b\u00f6lgedeki baraj ve dere yataklar\u0131nda su seviyelerinin g\u00f6zle g\u00f6r\u00fcl\u00fcr \u015fekilde artmas\u0131na neden oldu. \u00d6zellikle tar\u0131msal \u00fcretim a\u00e7\u0131s\u0131ndan b\u00fcy\u00fck \u00f6neme sahip olan Zeytinova Baraj\u0131\u2019ndaki bu y\u00fckseli\u015f, yaz aylar\u0131 \u00f6ncesinde su kaynaklar\u0131 ad\u0131na umut verici bir geli\u015fme olarak de\u011ferlendirildi. \u00c7ift\u00e7iler, artan ya\u011f\u0131\u015flar\u0131n baraj ve yer alt\u0131 sular\u0131na sa\u011flayaca\u011f\u0131 katk\u0131n\u0131n \u00f6n\u00fcm\u00fczdeki d\u00f6nemde sulama a\u00e7\u0131s\u0131ndan rahatlama sa\u011flayaca\u011f\u0131n\u0131 ifade ettiler.<br \/>\n<br \/>Bay\u0131nd\u0131r\u2019\u0131n \u00f6nemli akarsu yataklar\u0131ndan Ergenli Deresi ile K\u00fc\u00e7\u00fck Menderes Nehri\u2019nin debileri de ya\u011f\u0131\u015flarla birlikte artt\u0131. Yetkililer, su seviyelerindeki art\u0131\u015f\u0131n sevindirici oldu\u011funu ancak \u00f6zellikle dere yataklar\u0131na yak\u0131n b\u00f6lgelerde ya\u015fayan vatanda\u015flar\u0131n muhtemel ta\u015fk\u0131n riskine kar\u015f\u0131 dikkatli olmalar\u0131 gerekti\u011fini vurgulad\u0131. B\u00f6lgede ya\u011f\u0131\u015flar\u0131n \u00f6n\u00fcm\u00fczdeki g\u00fcnlerde de aral\u0131klarla devam etmesinin beklendi\u011fi belirtilirken, bu durumun baraj doluluk oranlar\u0131na ve su kaynaklar\u0131na olumlu katk\u0131 sa\u011flamas\u0131 \u00f6ng\u00f6r\u00fcl\u00fcyor.<br \/><\/p>\n","protected":false},"excerpt":{"rendered":"<p>\u0130zmir\u2019in Bay\u0131nd\u0131r il\u00e7esinde son g\u00fcnlerde etkili olan ya\u011fmurlarla Zeytinova Baraj\u0131\u2019nda su seviyesi artt\u0131. Bay\u0131nd\u0131r il\u00e7esinde ya\u011f\u0131\u015flar, b\u00f6lgedeki baraj ve dere yataklar\u0131nda su seviyelerinin g\u00f6zle g\u00f6r\u00fcl\u00fcr \u015fekilde artmas\u0131na neden oldu. \u00d6zellikle tar\u0131msal \u00fcretim a\u00e7\u0131s\u0131ndan b\u00fcy\u00fck \u00f6neme sahip olan Zeytinova Baraj\u0131\u2019ndaki bu y\u00fckseli\u015f, yaz aylar\u0131 \u00f6ncesinde su kaynaklar\u0131 ad\u0131na umut verici bir geli\u015fme olarak de\u011ferlendirildi. \u00c7ift\u00e7iler, artan&#8230;<\/p>\n","protected":false},"author":1,"featured_media":84873,"comment_status":"open","ping_status":"open","sticky":false,"template":"","format":"standard","meta":{"_crdt_document":"","footnotes":""},"categories":[1],"tags":[],"class_list":["post-84872","post","type-post","status-publish","format-standard","has-post-thumbnail","hentry","category-guncel"],"_links":{"self":[{"href":"https:\/\/www.egemtv.com\/index.php?rest_route=\/wp\/v2\/posts\/84872","targetHints":{"allow":["GET"]}}],"collection":[{"href":"https:\/\/www.egemtv.com\/index.php?rest_route=\/wp\/v2\/posts"}],"about":[{"href":"https:\/\/www.egemtv.com\/index.php?rest_route=\/wp\/v2\/types\/post"}],"author":[{"embeddable":true,"href":"https:\/\/www.egemtv.com\/index.php?rest_route=\/wp\/v2\/users\/1"}],"replies":[{"embeddable":true,"href":"https:\/\/www.egemtv.com\/index.php?rest_route=%2Fwp%2Fv2%2Fcomments&post=84872"}],"version-history":[{"count":1,"href":"https:\/\/www.egemtv.com\/index.php?rest_route=\/wp\/v2\/posts\/84872\/revisions"}],"predecessor-version":[{"id":84874,"href":"https:\/\/www.egemtv.com\/index.php?rest_route=\/wp\/v2\/posts\/84872\/revisions\/84874"}],"wp:featuredmedia":[{"embeddable":true,"href":"https:\/\/www.egemtv.com\/index.php?rest_route=\/wp\/v2\/media\/84873"}],"wp:attachment":[{"href":"https:\/\/www.egemtv.com\/index.php?rest_route=%2Fwp%2Fv2%2Fmedia&parent=84872"}],"wp:term":[{"taxonomy":"category","embeddable":true,"href":"https:\/\/www.egemtv.com\/index.php?rest_route=%2Fwp%2Fv2%2Fcategories&post=84872"},{"taxonomy":"post_tag","embeddable":true,"href":"https:\/\/www.egemtv.com\/index.php?rest_route=%2Fwp%2Fv2%2Ftags&post=84872"}],"curies":[{"name":"wp","href":"https:\/\/api.w.org\/{rel}","templated":true}]}}