{"id":84869,"date":"2026-02-02T18:14:39","date_gmt":"2026-02-02T15:14:39","guid":{"rendered":"https:\/\/www.egemtv.com\/?p=84869"},"modified":"2026-02-02T18:14:40","modified_gmt":"2026-02-02T15:14:40","slug":"zabita-ekiplerinden-yogun-denetim","status":"publish","type":"post","link":"https:\/\/www.egemtv.com\/?p=84869","title":{"rendered":"Zab\u0131ta ekiplerinden yo\u011fun denetim"},"content":{"rendered":"<p>Bodrum Belediyesi Zab\u0131ta M\u00fcd\u00fcrl\u00fc\u011f\u00fc ekipleri, halk sa\u011fl\u0131\u011f\u0131n\u0131n korunmas\u0131 ve \u00e7evre kirlili\u011finin \u00f6nlenmesine y\u00f6nelik denetimlerini aral\u0131ks\u0131z s\u00fcrd\u00fcr\u00fcyor.<\/p>\n<p>Bodrum Belediyesi 5. B\u00f6lge Zab\u0131ta Amirli\u011fi, ocak ay\u0131nda 33 i\u015fletmede denetim ger\u00e7ekle\u015ftirdi. Bu denetimler s\u0131ras\u0131nda, \u00c7iftlik Mahallesi\u2019nde ger\u00e7ekle\u015ftirilen kontrolde bir market i\u015fletmesinde 28 farkl\u0131 kalemde toplam 412 par\u00e7a son kullanma tarihi ge\u00e7mi\u015f \u00fcr\u00fcn tespit edildi. Halk sa\u011fl\u0131\u011f\u0131n\u0131 tehdit eden bu \u00fcr\u00fcnler, ekipler taraf\u0131ndan yediemin olarak al\u0131n\u0131p imha edilirken, i\u015fletme hakk\u0131nda Zab\u0131ta Uygulama Y\u00f6netmeli\u011fi kapsam\u0131nda yasal i\u015flemler uyguland\u0131.<\/p>\n<p>Zab\u0131ta ekipleri, in\u015faat at\u0131\u011f\u0131 ve art\u0131klar\u0131n\u0131 \u00e7evreye izinsiz \u015fekilde d\u00f6kt\u00fc\u011f\u00fc tespit edilen ki\u015fi hakk\u0131nda Kabahatler Kanunu\u2019nun 41\/4 maddesi uyar\u0131nca \u00e7evreyi kirletme fiilinden 75 bin T\u00fcrk liras\u0131 idari para cezas\u0131 uygulad\u0131.<br \/>\n<br \/>Bodrum Belediyesi Zab\u0131ta M\u00fcd\u00fcrl\u00fc\u011f\u00fc yetkilileri, vatanda\u015flar\u0131n sa\u011fl\u0131kl\u0131 ve g\u00fcvenli bir \u00e7evrede ya\u015famalar\u0131n\u0131 sa\u011flamak amac\u0131yla g\u0131da sat\u0131\u015f\u0131 yapan i\u015fletmeler ile \u00e7evreyi kirleten ki\u015fi ve ara\u00e7lara y\u00f6nelik denetimlerin 7 g\u00fcn 24 saat esas\u0131na g\u00f6re kararl\u0131l\u0131kla s\u00fcrd\u00fcr\u00fclece\u011fini vurgulad\u0131. Yetkililer ayr\u0131ca, vatanda\u015flardan kar\u015f\u0131la\u015ft\u0131klar\u0131 olumsuzluklar\u0131 belediyeye bildirmelerini istedi.<br \/><\/p>\n","protected":false},"excerpt":{"rendered":"<p>Bodrum Belediyesi Zab\u0131ta M\u00fcd\u00fcrl\u00fc\u011f\u00fc ekipleri, halk sa\u011fl\u0131\u011f\u0131n\u0131n korunmas\u0131 ve \u00e7evre kirlili\u011finin \u00f6nlenmesine y\u00f6nelik denetimlerini aral\u0131ks\u0131z s\u00fcrd\u00fcr\u00fcyor. Bodrum Belediyesi 5. B\u00f6lge Zab\u0131ta Amirli\u011fi, ocak ay\u0131nda 33 i\u015fletmede denetim ger\u00e7ekle\u015ftirdi. Bu denetimler s\u0131ras\u0131nda, \u00c7iftlik Mahallesi\u2019nde ger\u00e7ekle\u015ftirilen kontrolde bir market i\u015fletmesinde 28 farkl\u0131 kalemde toplam 412 par\u00e7a son kullanma tarihi ge\u00e7mi\u015f \u00fcr\u00fcn tespit edildi. Halk sa\u011fl\u0131\u011f\u0131n\u0131 tehdit eden&#8230;<\/p>\n","protected":false},"author":1,"featured_media":84870,"comment_status":"open","ping_status":"open","sticky":false,"template":"","format":"standard","meta":{"_crdt_document":"","footnotes":""},"categories":[1],"tags":[],"class_list":["post-84869","post","type-post","status-publish","format-standard","has-post-thumbnail","hentry","category-guncel"],"_links":{"self":[{"href":"https:\/\/www.egemtv.com\/index.php?rest_route=\/wp\/v2\/posts\/84869","targetHints":{"allow":["GET"]}}],"collection":[{"href":"https:\/\/www.egemtv.com\/index.php?rest_route=\/wp\/v2\/posts"}],"about":[{"href":"https:\/\/www.egemtv.com\/index.php?rest_route=\/wp\/v2\/types\/post"}],"author":[{"embeddable":true,"href":"https:\/\/www.egemtv.com\/index.php?rest_route=\/wp\/v2\/users\/1"}],"replies":[{"embeddable":true,"href":"https:\/\/www.egemtv.com\/index.php?rest_route=%2Fwp%2Fv2%2Fcomments&post=84869"}],"version-history":[{"count":1,"href":"https:\/\/www.egemtv.com\/index.php?rest_route=\/wp\/v2\/posts\/84869\/revisions"}],"predecessor-version":[{"id":84871,"href":"https:\/\/www.egemtv.com\/index.php?rest_route=\/wp\/v2\/posts\/84869\/revisions\/84871"}],"wp:featuredmedia":[{"embeddable":true,"href":"https:\/\/www.egemtv.com\/index.php?rest_route=\/wp\/v2\/media\/84870"}],"wp:attachment":[{"href":"https:\/\/www.egemtv.com\/index.php?rest_route=%2Fwp%2Fv2%2Fmedia&parent=84869"}],"wp:term":[{"taxonomy":"category","embeddable":true,"href":"https:\/\/www.egemtv.com\/index.php?rest_route=%2Fwp%2Fv2%2Fcategories&post=84869"},{"taxonomy":"post_tag","embeddable":true,"href":"https:\/\/www.egemtv.com\/index.php?rest_route=%2Fwp%2Fv2%2Ftags&post=84869"}],"curies":[{"name":"wp","href":"https:\/\/api.w.org\/{rel}","templated":true}]}}