{"id":84866,"date":"2026-02-02T18:14:38","date_gmt":"2026-02-02T15:14:38","guid":{"rendered":"https:\/\/www.egemtv.com\/?p=84866"},"modified":"2026-02-02T18:14:39","modified_gmt":"2026-02-02T15:14:39","slug":"baskan-gunelden-is-birligi-cagrisi-2","status":"publish","type":"post","link":"https:\/\/www.egemtv.com\/?p=84866","title":{"rendered":"Ba\u015fkan G\u00fcnel\u2019den i\u015f birli\u011fi \u00e7a\u011fr\u0131s\u0131"},"content":{"rendered":"<p>Ba\u015fkan \u00d6mer G\u00fcnel, kentte etkili olan sa\u011fanak s\u0131ras\u0131nda meydana gelen olumsuzluklar\u0131n \u00e7\u00f6z\u00fcm\u00fc i\u00e7in di\u011fer kurumlarla i\u015f birli\u011fine haz\u0131r olduklar\u0131n\u0131 belirterek, &#8220;Buradan ASK\u0130, Karayollar\u0131 ve DS\u0130 yetkililerine bir kez daha seslenmek istiyorum. Gelin bir toplant\u0131 ve sonras\u0131nda da harekat plan\u0131 yapal\u0131m. T\u00fcrkiye\u2019nin d\u00fcnyaya a\u00e7\u0131lan kap\u0131s\u0131 Ku\u015fadas\u0131 bir daha bu g\u00f6r\u00fcnt\u00fcleri ya\u015famas\u0131n&#8221; dedi.<\/p>\n<p>Ku\u015fadas\u0131\u2019nda d\u00fcn sa\u011fanak ve f\u0131rt\u0131na etkili oldu. Ku\u015fadas\u0131 Belediyesi de 3 saat aral\u0131ks\u0131z s\u00fcren sa\u011fanakta, muhtemel sel ve ta\u015fk\u0131nlara kar\u015f\u0131 \u00f6nceden organize olup, teyakkuza ge\u00e7ti. Fen \u0130\u015fleri M\u00fcd\u00fcrl\u00fc\u011f\u00fc, Park ve Bah\u00e7eler M\u00fcd\u00fcrl\u00fc\u011f\u00fc ve Acil M\u00fcdahale Birimi de ya\u011f\u0131\u015f\u0131n ba\u015flad\u0131\u011f\u0131 ilk saatlerinden itibaren kent genelinde kesintisiz ve yo\u011fun bir mesai y\u00fcr\u00fctt\u00fc. Ekipler, su tahliye \u00e7al\u0131\u015fmalar\u0131, t\u0131kanan mazgal ve r\u00f6garlar\u0131n a\u00e7\u0131lmas\u0131, yol g\u00fcvenli\u011finin sa\u011flanmas\u0131 ve hasar tespit \u00e7al\u0131\u015fmalar\u0131yla sahada aktif g\u00f6rev ald\u0131. Sosyal Yard\u0131m ekipleri ise su bask\u0131n\u0131ndan etkilenen ihtiya\u00e7 sahibi vatanda\u015flara an\u0131nda destek sa\u011flad\u0131. Ku\u015fadas\u0131 Belediye Ba\u015fkan\u0131 \u00d6mer G\u00fcnel de Karayollar\u0131, Devlet Su \u0130\u015fleri (DS\u0130) ve Ayd\u0131n B\u00fcy\u00fck\u015fehir Belediyesi ASK\u0130 yetkililerine kentte etkili olan sa\u011fanak s\u0131ras\u0131nda meydana gelen olumsuzluklar\u0131n bir daha ya\u015fanmamas\u0131 i\u00e7in ortak hareket etme \u00e7a\u011fr\u0131s\u0131nda bulundu.<\/p>\n<p>Sa\u011fanaktan \u00f6nce Ku\u015fadas\u0131 Kaymakam\u0131 \u0130brahim Keklik ile toplant\u0131 yapt\u0131klar\u0131n\u0131 belirten Ba\u015fkan G\u00fcnel, &#8220;\u00d6ncelikle t\u00fcm hem\u015fehrilerime ge\u00e7mi\u015f olsun diyorum. Ku\u015fadas\u0131 Belediyesi olarak sa\u011fanakta t\u00fcm ekiplerimiz haz\u0131r bir \u015fekilde sahadayd\u0131. Ancak ya\u011fmur ba\u015flad\u0131\u011f\u0131 andan itibaren mazgallar\u0131n a\u00e7\u0131lmas\u0131, y\u0131\u011f\u0131lan molozlar\u0131n al\u0131nmas\u0131 tek ba\u015f\u0131na bu felaketin verdi\u011fi zararlar\u0131 engellemiyor. Ya\u011fmur suyunun d\u00fcnk\u00fc h\u0131zla kent merkezine inmemesi laz\u0131m. Bunun i\u00e7in de dere \u0131slahlar\u0131n\u0131n ve temizliklerinin yap\u0131lmas\u0131, ya\u011fmur suyu hatlar\u0131n\u0131n d\u00f6\u015fenmi\u015f olmas\u0131 gerekiyor. Bu konuda ge\u00e7en sene DS\u0130 ve Ayd\u0131n B\u00fcy\u00fck\u015fehir Belediyesi\u2019ne yazm\u0131\u015f oldu\u011fumuz 10\u2019a yak\u0131n yaz\u0131 var. \u00d6rne\u011fin 3 Aral\u0131k 2025 tarihinde yazd\u0131\u011f\u0131m\u0131z bir yaz\u0131da Bayrakl\u0131dede, Davutlar, So\u011fucak ve G\u00fczel\u00e7aml\u0131 mahallelelerinde acilen ya\u011fmur suyu hatlar\u0131n\u0131n yap\u0131lmas\u0131 gerekti\u011fini belirtip, maliyet konusunda da \u00fczerimize d\u00fc\u015feni yapmaya haz\u0131r oldu\u011fumuzu ifade etmi\u015fiz. Pazar g\u00fcn\u00fc de en b\u00fcy\u00fck sorunu Kirazl\u0131 Mahallesi yolu, Ku\u015fadas\u0131 Ticaret Odas\u0131\u2019n\u0131n \u00f6n\u00fc ve K\u0130PA AVM oldu\u011fu b\u00f6lgelerde ya\u015fad\u0131k. Buralarda ara\u00e7larda \u00e7ok ciddi hasarlar meydana geldi. Karayollar\u0131n\u0131n sorumlulu\u011funda olan alanlarda defalarca sorunu belirtip, \u00e7\u00f6z\u00fcm\u00fc de \u00f6nermemize ra\u011fmen \u0131srarla bu konuda \u00e7\u00f6z\u00fcm \u00fcretilmedi. Yine sorun ya\u015fanan di\u011fer noktalardan Ahmet P\u0131nar ve Orhan Gazi caddeleri, Ayd\u0131n B\u00fcy\u00fck\u015fehir Belediyesi taraf\u0131ndan yeni yap\u0131ld\u0131. O tarihte de buralarda ya\u011fmur suyu hatlar\u0131n\u0131n yeterli olmad\u0131\u011f\u0131 konusunda uyar\u0131larda bulunmu\u015ftuk. Ku\u015fadas\u0131\u2019nda \u0131slah edilmesi ve temizlenmesi gereken 17 dere bulunuyor&#8221; dedi.<\/p>\n<p>Kimseyi su\u00e7lama veya itham etme amac\u0131nda olmad\u0131klar\u0131n\u0131 da ifade eden Ba\u015fkan G\u00fcnel, &#8220;Ancak burada \u00d6ncelikle Karayollar\u0131, DS\u0130 ve ASK\u0130 birimine d\u00fc\u015fen sorumluluklar var. Gelin i\u015f birli\u011fi i\u00e7erisinde Ku\u015fadas\u0131\u2019nda ya\u015fad\u0131\u011f\u0131m\u0131z sorunlar\u0131 \u00e7\u00f6zme noktas\u0131nda bir toplant\u0131 yapal\u0131m. Hareket plan\u0131 yapal\u0131m. Biz bu konuda haz\u0131r\u0131z. \u00dczerimize d\u00fc\u015feni de yapmaya haz\u0131r\u0131z. Ama yetki ve sorumluluk \u00e7er\u00e7evesinde do\u011frudan m\u00fcdahale edemeyece\u011fimiz konular var. Dolay\u0131s\u0131yla ilgili kurumlarla i\u015f birli\u011fi i\u00e7erisinde bunu yapma taraftar\u0131y\u0131z. Ku\u015fadas\u0131 bir daha benzer sorunlar\u0131 ya\u015famas\u0131n istiyoruz. Sorunlar belli. \u00c7\u00f6z\u00fcmleri beraber sistemli bir \u015fekilde \u00fcretelim. T\u00fcrkiye\u2019nin d\u00fcnyaya a\u00e7\u0131lan kap\u0131s\u0131 Ku\u015fadas\u0131, bir daha bu g\u00f6r\u00fcnt\u00fcleri ya\u015famas\u0131n&#8221; diye konu\u015ftu.<br \/><\/p>\n","protected":false},"excerpt":{"rendered":"<p>Ba\u015fkan \u00d6mer G\u00fcnel, kentte etkili olan sa\u011fanak s\u0131ras\u0131nda meydana gelen olumsuzluklar\u0131n \u00e7\u00f6z\u00fcm\u00fc i\u00e7in di\u011fer kurumlarla i\u015f birli\u011fine haz\u0131r olduklar\u0131n\u0131 belirterek, &#8220;Buradan ASK\u0130, Karayollar\u0131 ve DS\u0130 yetkililerine bir kez daha seslenmek istiyorum. Gelin bir toplant\u0131 ve sonras\u0131nda da harekat plan\u0131 yapal\u0131m. T\u00fcrkiye\u2019nin d\u00fcnyaya a\u00e7\u0131lan kap\u0131s\u0131 Ku\u015fadas\u0131 bir daha bu g\u00f6r\u00fcnt\u00fcleri ya\u015famas\u0131n&#8221; dedi. Ku\u015fadas\u0131\u2019nda d\u00fcn sa\u011fanak ve&#8230;<\/p>\n","protected":false},"author":1,"featured_media":84867,"comment_status":"open","ping_status":"open","sticky":false,"template":"","format":"standard","meta":{"_crdt_document":"","footnotes":""},"categories":[1],"tags":[],"class_list":["post-84866","post","type-post","status-publish","format-standard","has-post-thumbnail","hentry","category-guncel"],"_links":{"self":[{"href":"https:\/\/www.egemtv.com\/index.php?rest_route=\/wp\/v2\/posts\/84866","targetHints":{"allow":["GET"]}}],"collection":[{"href":"https:\/\/www.egemtv.com\/index.php?rest_route=\/wp\/v2\/posts"}],"about":[{"href":"https:\/\/www.egemtv.com\/index.php?rest_route=\/wp\/v2\/types\/post"}],"author":[{"embeddable":true,"href":"https:\/\/www.egemtv.com\/index.php?rest_route=\/wp\/v2\/users\/1"}],"replies":[{"embeddable":true,"href":"https:\/\/www.egemtv.com\/index.php?rest_route=%2Fwp%2Fv2%2Fcomments&post=84866"}],"version-history":[{"count":1,"href":"https:\/\/www.egemtv.com\/index.php?rest_route=\/wp\/v2\/posts\/84866\/revisions"}],"predecessor-version":[{"id":84868,"href":"https:\/\/www.egemtv.com\/index.php?rest_route=\/wp\/v2\/posts\/84866\/revisions\/84868"}],"wp:featuredmedia":[{"embeddable":true,"href":"https:\/\/www.egemtv.com\/index.php?rest_route=\/wp\/v2\/media\/84867"}],"wp:attachment":[{"href":"https:\/\/www.egemtv.com\/index.php?rest_route=%2Fwp%2Fv2%2Fmedia&parent=84866"}],"wp:term":[{"taxonomy":"category","embeddable":true,"href":"https:\/\/www.egemtv.com\/index.php?rest_route=%2Fwp%2Fv2%2Fcategories&post=84866"},{"taxonomy":"post_tag","embeddable":true,"href":"https:\/\/www.egemtv.com\/index.php?rest_route=%2Fwp%2Fv2%2Ftags&post=84866"}],"curies":[{"name":"wp","href":"https:\/\/api.w.org\/{rel}","templated":true}]}}