{"id":84863,"date":"2026-02-02T18:14:37","date_gmt":"2026-02-02T15:14:37","guid":{"rendered":"https:\/\/www.egemtv.com\/?p=84863"},"modified":"2026-02-02T18:14:38","modified_gmt":"2026-02-02T15:14:38","slug":"koskte-afet-mudahale-plani-toplantisi-yapildi","status":"publish","type":"post","link":"https:\/\/www.egemtv.com\/?p=84863","title":{"rendered":"K\u00f6\u015fk\u2019te Afet M\u00fcdahale Plan\u0131 toplant\u0131s\u0131 yap\u0131ld\u0131"},"content":{"rendered":"<p>K\u00f6\u015fk Kaymakam\u0131 Hasan Ta\u015f ba\u015fkanl\u0131\u011f\u0131nda K\u00f6\u015fk il\u00e7esi Afet M\u00fcdahale Plan\u0131 toplant\u0131s\u0131 ger\u00e7ekle\u015ftirildi.<\/p>\n<p>K\u00f6\u015fk Afet M\u00fcdahale Plan\u0131 kapsam\u0131nda d\u00fczenlenen toplant\u0131da, muhtemel afet ve acil durumlarda kurumlar aras\u0131 koordinasyon, g\u00f6rev da\u011f\u0131l\u0131m\u0131 ve m\u00fcdahale s\u00fcre\u00e7leri de\u011ferlendirildi.<\/p>\n<p>K\u00f6\u015fk Kaymakaml\u0131k binas\u0131nda ger\u00e7ekle\u015ftirilen toplant\u0131da, K\u00f6\u015fk il\u00e7e merkezi ve \u00e7evre mahallelerde yo\u011fun ya\u011f\u0131\u015flar neticesinde ya\u015fanabilecek bir sel felaketi durumunda y\u00fcr\u00fct\u00fclecek \u00e7al\u0131\u015fmalar ele al\u0131nd\u0131. Toplant\u0131da haberle\u015fme, ula\u015f\u0131m, acil m\u00fcdahale, arama kurtarma, ilk yard\u0131m, hasar tespiti, enkaz kald\u0131rma, altyap\u0131 ve \u00fcstyap\u0131 onar\u0131mlar\u0131, bar\u0131nma ve lojistik destek konular\u0131nda al\u0131nacak tedbirler g\u00f6r\u00fc\u015f\u00fcld\u00fc.<\/p>\n<p>Kaymakam Ta\u015f, afetlere kar\u015f\u0131 haz\u0131rl\u0131kl\u0131 olman\u0131n \u00f6nemine vurgu yaparak, t\u00fcm kurumlar\u0131n koordineli hareket etmesi gerekti\u011fini ifade etti.<\/p>\n<p>Toplant\u0131 sonras\u0131 K\u00f6\u015fk Kaymakaml\u0131\u011f\u0131 taraf\u0131ndan &#8220;Kaymakam\u0131m\u0131z Hasan Ta\u015f, K\u00f6\u015fk Belediye Ba\u015fkan\u0131 Nuri G\u00fcler ve Kurum Amirlerimizin kat\u0131l\u0131m\u0131yla ger\u00e7ekle\u015fen toplant\u0131da, il\u00e7emizde yo\u011fun ya\u011f\u0131\u015flar neticesinde olu\u015fabilecek afetlere kar\u015f\u0131 al\u0131nmas\u0131 gereken tedbirler g\u00f6r\u00fc\u015f\u00fcld\u00fc&#8221; yaz\u0131l\u0131 a\u00e7\u0131klamas\u0131 yap\u0131ld\u0131.<br \/><\/p>\n","protected":false},"excerpt":{"rendered":"<p>K\u00f6\u015fk Kaymakam\u0131 Hasan Ta\u015f ba\u015fkanl\u0131\u011f\u0131nda K\u00f6\u015fk il\u00e7esi Afet M\u00fcdahale Plan\u0131 toplant\u0131s\u0131 ger\u00e7ekle\u015ftirildi. K\u00f6\u015fk Afet M\u00fcdahale Plan\u0131 kapsam\u0131nda d\u00fczenlenen toplant\u0131da, muhtemel afet ve acil durumlarda kurumlar aras\u0131 koordinasyon, g\u00f6rev da\u011f\u0131l\u0131m\u0131 ve m\u00fcdahale s\u00fcre\u00e7leri de\u011ferlendirildi. K\u00f6\u015fk Kaymakaml\u0131k binas\u0131nda ger\u00e7ekle\u015ftirilen toplant\u0131da, K\u00f6\u015fk il\u00e7e merkezi ve \u00e7evre mahallelerde yo\u011fun ya\u011f\u0131\u015flar neticesinde ya\u015fanabilecek bir sel felaketi durumunda y\u00fcr\u00fct\u00fclecek \u00e7al\u0131\u015fmalar ele&#8230;<\/p>\n","protected":false},"author":1,"featured_media":84864,"comment_status":"open","ping_status":"open","sticky":false,"template":"","format":"standard","meta":{"_crdt_document":"","footnotes":""},"categories":[1],"tags":[],"class_list":["post-84863","post","type-post","status-publish","format-standard","has-post-thumbnail","hentry","category-guncel"],"_links":{"self":[{"href":"https:\/\/www.egemtv.com\/index.php?rest_route=\/wp\/v2\/posts\/84863","targetHints":{"allow":["GET"]}}],"collection":[{"href":"https:\/\/www.egemtv.com\/index.php?rest_route=\/wp\/v2\/posts"}],"about":[{"href":"https:\/\/www.egemtv.com\/index.php?rest_route=\/wp\/v2\/types\/post"}],"author":[{"embeddable":true,"href":"https:\/\/www.egemtv.com\/index.php?rest_route=\/wp\/v2\/users\/1"}],"replies":[{"embeddable":true,"href":"https:\/\/www.egemtv.com\/index.php?rest_route=%2Fwp%2Fv2%2Fcomments&post=84863"}],"version-history":[{"count":1,"href":"https:\/\/www.egemtv.com\/index.php?rest_route=\/wp\/v2\/posts\/84863\/revisions"}],"predecessor-version":[{"id":84865,"href":"https:\/\/www.egemtv.com\/index.php?rest_route=\/wp\/v2\/posts\/84863\/revisions\/84865"}],"wp:featuredmedia":[{"embeddable":true,"href":"https:\/\/www.egemtv.com\/index.php?rest_route=\/wp\/v2\/media\/84864"}],"wp:attachment":[{"href":"https:\/\/www.egemtv.com\/index.php?rest_route=%2Fwp%2Fv2%2Fmedia&parent=84863"}],"wp:term":[{"taxonomy":"category","embeddable":true,"href":"https:\/\/www.egemtv.com\/index.php?rest_route=%2Fwp%2Fv2%2Fcategories&post=84863"},{"taxonomy":"post_tag","embeddable":true,"href":"https:\/\/www.egemtv.com\/index.php?rest_route=%2Fwp%2Fv2%2Ftags&post=84863"}],"curies":[{"name":"wp","href":"https:\/\/api.w.org\/{rel}","templated":true}]}}