{"id":84860,"date":"2026-02-02T17:54:31","date_gmt":"2026-02-02T14:54:31","guid":{"rendered":"https:\/\/www.egemtv.com\/?p=84860"},"modified":"2026-02-02T17:54:32","modified_gmt":"2026-02-02T14:54:32","slug":"kuto-yonetim-kurulu-baskani-akdogan-misirdaki-is-birligi-forumuna-katildi","status":"publish","type":"post","link":"https:\/\/www.egemtv.com\/?p=84860","title":{"rendered":"KUTO Y\u00f6netim Kurulu Ba\u015fkan\u0131 Akdo\u011fan, M\u0131s\u0131r\u2019daki \u0130\u015f Birli\u011fi Forumu\u2019na kat\u0131ld\u0131"},"content":{"rendered":"<p>Ku\u015fadas\u0131 Ticaret Odas\u0131 (KUTO) Y\u00f6netim Kurulu Ba\u015fkan\u0131 Serdar Akdo\u011fan, T\u00fcrkiye Odalar ve Borsalar Birli\u011fi (TOBB) ve D\u0131\u015f Ekonomik \u0130li\u015fkiler Kurulu (DE\u0130K) i\u015f birli\u011finde 1-4 \u015eubat 2026 tarihlerinde M\u0131s\u0131r\u2019da ger\u00e7ekle\u015ftirilen T\u00fcrkiye-M\u0131s\u0131r Oda ve Borsalar \u0130\u015f Birli\u011fi Forumu\u2019na kat\u0131ld\u0131.<\/p>\n<p>TOBB Ba\u015fkan\u0131 M. Rifat Hisarc\u0131kl\u0131o\u011flu\u2019nun davetiyle d\u00fczenlenen organizasyonun ilk dura\u011f\u0131 \u0130skenderiye oldu. Forumun en somut \u00e7\u0131kt\u0131lar\u0131ndan biri olarak Ba\u015fkan Akdo\u011fan, Alanya Ticaret ve Sanayi Odas\u0131 Ba\u015fkan\u0131 Eray Erdem ile birlikte, M\u0131s\u0131r\u2019\u0131n stratejik liman kentlerinden Marsa Matrouh Ticaret Odas\u0131 Ba\u015fkan\u0131 Kassem Taher Eissa ile turizm alan\u0131nda kapsaml\u0131 bir i\u015f birli\u011fi anla\u015fmas\u0131na imza att\u0131.<\/p>\n<p>Cumhurba\u015fkan\u0131 Recep Tayyip Erdo\u011fan\u2019\u0131n M\u0131s\u0131r\u2019a yapaca\u011f\u0131 resmi ziyaret \u00f6ncesinde d\u00fczenlenen bu kritik bulu\u015fmaya, M\u0131s\u0131r Maliye Bakan\u0131 Ahmed Kouchouk \u00e7evrim i\u00e7i olarak kat\u0131l\u0131m sa\u011flad\u0131. Toplant\u0131da T\u00fcrkiye Cumhuriyeti Kahire B\u00fcy\u00fckel\u00e7isi Salih Mutlu \u015een ve M\u0131s\u0131r Ticaret ve Sanayi Odalar\u0131 Federasyonu Ba\u015fkan\u0131 Ahmet Al Wakil\u2019in yan\u0131 s\u0131ra iki \u00fclkenin \u00f6nde gelen i\u015f insanlar\u0131 yer ald\u0131. G\u00f6r\u00fc\u015fmelerde T\u00fcrkiye ve M\u0131s\u0131r aras\u0131ndaki iktisadi ili\u015fkilerin derinle\u015ftirilmesi, ticaret hacminin art\u0131r\u0131lmas\u0131 ve yeni yat\u0131r\u0131m f\u0131rsatlar\u0131 masaya yat\u0131r\u0131ld\u0131.<\/p>\n<p>Ba\u015fkan Serdar Akdo\u011fan, forum kapsam\u0131nda yapt\u0131\u011f\u0131 a\u00e7\u0131klamada Ku\u015fadas\u0131\u2019n\u0131n turizm potansiyelini ve b\u00f6lgedeki yeni yat\u0131r\u0131m alanlar\u0131n\u0131 M\u0131s\u0131rl\u0131 temsilcilere aktard\u0131klar\u0131n\u0131 belirtti. Kar\u015f\u0131l\u0131kl\u0131 yat\u0131r\u0131m imkanlar\u0131n\u0131 g\u00fc\u00e7lendirmeyi hedeflediklerini vurgulayan Akdo\u011fan, Marsa Matrouh ile imzalanan protokol\u00fcn iki \u00fclke aras\u0131ndaki kurumsal i\u015f birliklerine b\u00fcy\u00fck katk\u0131 sunaca\u011f\u0131n\u0131 ifade etti. Forumun ikinci g\u00fcn\u00fcnde S\u00f6ke Ticaret Odas\u0131 Ba\u015fkan\u0131 Metin Sakalar ile birlikte temaslar\u0131na devam eden Akdo\u011fan, 4 \u015eubat\u2019a kadar M\u0131s\u0131r\u2019daki resmi g\u00f6r\u00fc\u015fmelerini s\u00fcrd\u00fcrecek.<br \/><\/p>\n","protected":false},"excerpt":{"rendered":"<p>Ku\u015fadas\u0131 Ticaret Odas\u0131 (KUTO) Y\u00f6netim Kurulu Ba\u015fkan\u0131 Serdar Akdo\u011fan, T\u00fcrkiye Odalar ve Borsalar Birli\u011fi (TOBB) ve D\u0131\u015f Ekonomik \u0130li\u015fkiler Kurulu (DE\u0130K) i\u015f birli\u011finde 1-4 \u015eubat 2026 tarihlerinde M\u0131s\u0131r\u2019da ger\u00e7ekle\u015ftirilen T\u00fcrkiye-M\u0131s\u0131r Oda ve Borsalar \u0130\u015f Birli\u011fi Forumu\u2019na kat\u0131ld\u0131. TOBB Ba\u015fkan\u0131 M. Rifat Hisarc\u0131kl\u0131o\u011flu\u2019nun davetiyle d\u00fczenlenen organizasyonun ilk dura\u011f\u0131 \u0130skenderiye oldu. Forumun en somut \u00e7\u0131kt\u0131lar\u0131ndan biri olarak&#8230;<\/p>\n","protected":false},"author":1,"featured_media":84861,"comment_status":"open","ping_status":"open","sticky":false,"template":"","format":"standard","meta":{"_crdt_document":"","footnotes":""},"categories":[125],"tags":[],"class_list":["post-84860","post","type-post","status-publish","format-standard","has-post-thumbnail","hentry","category-ekonomi"],"_links":{"self":[{"href":"https:\/\/www.egemtv.com\/index.php?rest_route=\/wp\/v2\/posts\/84860","targetHints":{"allow":["GET"]}}],"collection":[{"href":"https:\/\/www.egemtv.com\/index.php?rest_route=\/wp\/v2\/posts"}],"about":[{"href":"https:\/\/www.egemtv.com\/index.php?rest_route=\/wp\/v2\/types\/post"}],"author":[{"embeddable":true,"href":"https:\/\/www.egemtv.com\/index.php?rest_route=\/wp\/v2\/users\/1"}],"replies":[{"embeddable":true,"href":"https:\/\/www.egemtv.com\/index.php?rest_route=%2Fwp%2Fv2%2Fcomments&post=84860"}],"version-history":[{"count":1,"href":"https:\/\/www.egemtv.com\/index.php?rest_route=\/wp\/v2\/posts\/84860\/revisions"}],"predecessor-version":[{"id":84862,"href":"https:\/\/www.egemtv.com\/index.php?rest_route=\/wp\/v2\/posts\/84860\/revisions\/84862"}],"wp:featuredmedia":[{"embeddable":true,"href":"https:\/\/www.egemtv.com\/index.php?rest_route=\/wp\/v2\/media\/84861"}],"wp:attachment":[{"href":"https:\/\/www.egemtv.com\/index.php?rest_route=%2Fwp%2Fv2%2Fmedia&parent=84860"}],"wp:term":[{"taxonomy":"category","embeddable":true,"href":"https:\/\/www.egemtv.com\/index.php?rest_route=%2Fwp%2Fv2%2Fcategories&post=84860"},{"taxonomy":"post_tag","embeddable":true,"href":"https:\/\/www.egemtv.com\/index.php?rest_route=%2Fwp%2Fv2%2Ftags&post=84860"}],"curies":[{"name":"wp","href":"https:\/\/api.w.org\/{rel}","templated":true}]}}