{"id":84857,"date":"2026-02-02T17:35:26","date_gmt":"2026-02-02T14:35:26","guid":{"rendered":"https:\/\/www.egemtv.com\/?p=84857"},"modified":"2026-02-02T17:35:30","modified_gmt":"2026-02-02T14:35:30","slug":"kontrolden-cikan-arac-bariyere-carpti-2-olu","status":"publish","type":"post","link":"https:\/\/www.egemtv.com\/?p=84857","title":{"rendered":"Kontrolden \u00e7\u0131kan ara\u00e7 bariyere \u00e7arpt\u0131: 2 \u00f6l\u00fc"},"content":{"rendered":"<p>Ayd\u0131n\u2019\u0131n Yenipazar il\u00e7esinde kontrolden \u00e7\u0131kan otomobilin bariyerlere \u00e7arpmas\u0131 sonucu meydana gelen trafik kazas\u0131nda 2 ki\u015fi hayat\u0131n\u0131 kaybetti.<\/p>\n<p>Kaza, Ayd\u0131n-Denizli Otoyolu Yenipazar il\u00e7esi mevkiinde \u00f6\u011fle saatlerinde meydana geldi. Edinilen bilgiye g\u00f6re, Kemal \u00c7obano\u011flu (62) idaresindeki 09 AIH 858 plakal\u0131 Nissan marka otomobil s\u00fcr\u00fcc\u00fcs\u00fcn\u00fcn direksiyon hakimiyetini kaybetmesi sonucu savruldu. Bariyerlere \u00e7arparak yan yatan ara\u00e7ta bulunan s\u00fcr\u00fcc\u00fc Kemal \u00c7obano\u011flu ile yolcu konumundaki Sevim \u00c7obano\u011flu (61) ara\u00e7ta s\u0131k\u0131\u015ft\u0131. Kazay\u0131 g\u00f6renler durumu 112 Acil \u00c7a\u011fr\u0131 Merkezi\u2019ne bildirdi. \u0130hbar \u00fczerine b\u00f6lgeye sa\u011fl\u0131k, itfaiye ve jandarma ekipleri sevk edildi. K\u0131sa s\u00fcrede olay yerine gelen sa\u011fl\u0131k ekipleri ara\u00e7 i\u00e7erisinde s\u0131k\u0131\u015fan \u015fah\u0131slar\u0131n hayatlar\u0131n\u0131 kaybetti\u011fini tespit etti. 2 \u015fahs\u0131n cans\u0131z bedenleri Ayd\u0131n B\u00fcy\u00fck\u015fehir Belediyesi \u0130tfaiye Daire Ba\u015fkanl\u0131\u011f\u0131 ekipleri taraf\u0131ndan \u00e7\u0131kart\u0131ld\u0131. \u00c7obano\u011flu \u00e7iftinin cans\u0131z bedenleri hastane morguna kald\u0131r\u0131ld\u0131.<\/p>\n<p>Kazayla ilgili soru\u015fturma s\u00fcr\u00fcyor.<br \/><\/p>\n","protected":false},"excerpt":{"rendered":"<p>Ayd\u0131n\u2019\u0131n Yenipazar il\u00e7esinde kontrolden \u00e7\u0131kan otomobilin bariyerlere \u00e7arpmas\u0131 sonucu meydana gelen trafik kazas\u0131nda 2 ki\u015fi hayat\u0131n\u0131 kaybetti. Kaza, Ayd\u0131n-Denizli Otoyolu Yenipazar il\u00e7esi mevkiinde \u00f6\u011fle saatlerinde meydana geldi. Edinilen bilgiye g\u00f6re, Kemal \u00c7obano\u011flu (62) idaresindeki 09 AIH 858 plakal\u0131 Nissan marka otomobil s\u00fcr\u00fcc\u00fcs\u00fcn\u00fcn direksiyon hakimiyetini kaybetmesi sonucu savruldu. Bariyerlere \u00e7arparak yan yatan ara\u00e7ta bulunan s\u00fcr\u00fcc\u00fc Kemal&#8230;<\/p>\n","protected":false},"author":1,"featured_media":84858,"comment_status":"open","ping_status":"open","sticky":false,"template":"","format":"standard","meta":{"_crdt_document":"","footnotes":""},"categories":[5],"tags":[],"class_list":["post-84857","post","type-post","status-publish","format-standard","has-post-thumbnail","hentry","category-asayis"],"_links":{"self":[{"href":"https:\/\/www.egemtv.com\/index.php?rest_route=\/wp\/v2\/posts\/84857","targetHints":{"allow":["GET"]}}],"collection":[{"href":"https:\/\/www.egemtv.com\/index.php?rest_route=\/wp\/v2\/posts"}],"about":[{"href":"https:\/\/www.egemtv.com\/index.php?rest_route=\/wp\/v2\/types\/post"}],"author":[{"embeddable":true,"href":"https:\/\/www.egemtv.com\/index.php?rest_route=\/wp\/v2\/users\/1"}],"replies":[{"embeddable":true,"href":"https:\/\/www.egemtv.com\/index.php?rest_route=%2Fwp%2Fv2%2Fcomments&post=84857"}],"version-history":[{"count":1,"href":"https:\/\/www.egemtv.com\/index.php?rest_route=\/wp\/v2\/posts\/84857\/revisions"}],"predecessor-version":[{"id":84859,"href":"https:\/\/www.egemtv.com\/index.php?rest_route=\/wp\/v2\/posts\/84857\/revisions\/84859"}],"wp:featuredmedia":[{"embeddable":true,"href":"https:\/\/www.egemtv.com\/index.php?rest_route=\/wp\/v2\/media\/84858"}],"wp:attachment":[{"href":"https:\/\/www.egemtv.com\/index.php?rest_route=%2Fwp%2Fv2%2Fmedia&parent=84857"}],"wp:term":[{"taxonomy":"category","embeddable":true,"href":"https:\/\/www.egemtv.com\/index.php?rest_route=%2Fwp%2Fv2%2Fcategories&post=84857"},{"taxonomy":"post_tag","embeddable":true,"href":"https:\/\/www.egemtv.com\/index.php?rest_route=%2Fwp%2Fv2%2Ftags&post=84857"}],"curies":[{"name":"wp","href":"https:\/\/api.w.org\/{rel}","templated":true}]}}